{"id":5117,"date":"2020-06-14T13:41:28","date_gmt":"2020-06-14T16:41:28","guid":{"rendered":"http:\/\/oasisfm935.com\/site\/?p=5117"},"modified":"2020-06-14T14:04:32","modified_gmt":"2020-06-14T17:04:32","slug":"un-camionero-de-realico-dio-positivo-de-coronavirus","status":"publish","type":"post","link":"https:\/\/oasisfm935.com.ar\/site\/un-camionero-de-realico-dio-positivo-de-coronavirus\/","title":{"rendered":"La Pampa: Un camionero de Realic\u00f3 dio positivo de coronavirus"},"content":{"rendered":"<div><strong>La Pampa<\/strong>\u00a0volvi\u00f3 a registrar un\u00a0<strong>caso positivo del nuevo coronavirus<\/strong>: un\u00a0<strong>camionero<\/strong>, asintom\u00e1tico, est\u00e1 contagiado de Covid-19 en la localidad de\u00a0<strong>Realic\u00f3<\/strong>. De esta manera<strong>\u00a0se modific\u00f3 el estatus sanitario de 66 d\u00edas<\/strong>\u00a0sin nuevos positivos.<\/div>\n<div><\/div>\n<div><\/div>\n<div>\u00abEl equipo de salud del Gobierno Provincial se encuentra realizando las tareas de aislamiento y seguimiento de dicha persona, como as\u00ed tambi\u00e9n de sus familiares y de todos aquellos que pudieran haber tenido contacto estrecho con \u00e9l\u00bb, se inform\u00f3.<\/div>\n<div><\/div>\n<div>\n<p>\u00abEl transportista no presentaba s\u00edntomas de coronavirus y fue detectado en el marco del rastreo territorial que realiza el equipo de salud bajo la premisa dispuesta por el Gobernador Sergio Ziliotto de salir a buscar el virus\u201d, se comunic\u00f3.<\/p>\n<p>&nbsp;<\/p>\n<p><img decoding=\"async\" src=\"http:\/\/diariotextual.com\/inicio\/wp-content\/uploads\/2020\/06\/coronavirusbusquedarealico2020-1-1024x683.jpg\" \/><\/p>\n<\/div>\n<p>La Pampa, que ya ha recuperado buena parte de las actividades econ\u00f3micas, deportivas y recreativas, ingres\u00f3 hace una semana en la nueva etapa de la cuarentena:\u00a0<strong>del aislamiento al distanciamiento social<\/strong>, por lo que ya no es obligatorio para los pampeanos permanecer en sus casas.<\/p>\n<p>Ahora<strong>\u00a0la provincia tiene seis positivos<\/strong>\u00a0de Covid-19: \u00a04 de Santa Rosa, uno de Pico y uno en Realic\u00f3. Los cinco primeros ya est\u00e1n recuperados desde mediados de abril.<\/p>\n<div class=\"oasis-despues-del-contenido\" id=\"oasis-3128763740\"><img loading=\"lazy\" decoding=\"async\" src=\"https:\/\/oasisfm935.com.ar\/site\/wp-content\/uploads\/2020\/08\/47806202-8741-49f2-a5c9-d2f930e5baa1.jpg\" alt=\"\"  srcset=\"https:\/\/oasisfm935.com.ar\/site\/wp-content\/uploads\/2020\/08\/47806202-8741-49f2-a5c9-d2f930e5baa1.jpg 1080w, https:\/\/oasisfm935.com.ar\/site\/wp-content\/uploads\/2020\/08\/47806202-8741-49f2-a5c9-d2f930e5baa1-300x300.jpg 300w, https:\/\/oasisfm935.com.ar\/site\/wp-content\/uploads\/2020\/08\/47806202-8741-49f2-a5c9-d2f930e5baa1-1024x1024.jpg 1024w, https:\/\/oasisfm935.com.ar\/site\/wp-content\/uploads\/2020\/08\/47806202-8741-49f2-a5c9-d2f930e5baa1-150x150.jpg 150w, https:\/\/oasisfm935.com.ar\/site\/wp-content\/uploads\/2020\/08\/47806202-8741-49f2-a5c9-d2f930e5baa1-768x768.jpg 768w\" sizes=\"(max-width: 1080px) 100vw, 1080px\" class=\"no-lazyload\" width=\"1080\" height=\"1080\"  style=\"display: inline-block;\" \/><\/div>","protected":false},"excerpt":{"rendered":"<p>La Pampa\u00a0volvi\u00f3 a registrar un\u00a0caso positivo del nuevo coronavirus: un\u00a0camionero, asintom\u00e1tico, est\u00e1 contagiado de Covid-19 en la localidad de\u00a0Realic\u00f3. De esta manera\u00a0se<\/p>\n","protected":false},"author":4,"featured_media":5118,"comment_status":"closed","ping_status":"open","sticky":false,"template":"","format":"standard","meta":{"colormag_page_layout":"default_layout","footnotes":""},"categories":[2],"tags":[],"class_list":["post-5117","post","type-post","status-publish","format-standard","has-post-thumbnail","hentry","category-noticias"],"_links":{"self":[{"href":"https:\/\/oasisfm935.com.ar\/site\/wp-json\/wp\/v2\/posts\/5117","targetHints":{"allow":["GET"]}}],"collection":[{"href":"https:\/\/oasisfm935.com.ar\/site\/wp-json\/wp\/v2\/posts"}],"about":[{"href":"https:\/\/oasisfm935.com.ar\/site\/wp-json\/wp\/v2\/types\/post"}],"author":[{"embeddable":true,"href":"https:\/\/oasisfm935.com.ar\/site\/wp-json\/wp\/v2\/users\/4"}],"replies":[{"embeddable":true,"href":"https:\/\/oasisfm935.com.ar\/site\/wp-json\/wp\/v2\/comments?post=5117"}],"version-history":[{"count":4,"href":"https:\/\/oasisfm935.com.ar\/site\/wp-json\/wp\/v2\/posts\/5117\/revisions"}],"predecessor-version":[{"id":5122,"href":"https:\/\/oasisfm935.com.ar\/site\/wp-json\/wp\/v2\/posts\/5117\/revisions\/5122"}],"wp:featuredmedia":[{"embeddable":true,"href":"https:\/\/oasisfm935.com.ar\/site\/wp-json\/wp\/v2\/media\/5118"}],"wp:attachment":[{"href":"https:\/\/oasisfm935.com.ar\/site\/wp-json\/wp\/v2\/media?parent=5117"}],"wp:term":[{"taxonomy":"category","embeddable":true,"href":"https:\/\/oasisfm935.com.ar\/site\/wp-json\/wp\/v2\/categories?post=5117"},{"taxonomy":"post_tag","embeddable":true,"href":"https:\/\/oasisfm935.com.ar\/site\/wp-json\/wp\/v2\/tags?post=5117"}],"curies":[{"name":"wp","href":"https:\/\/api.w.org\/{rel}","templated":true}]}}