{"id":5123,"date":"2020-06-14T14:50:31","date_gmt":"2020-06-14T17:50:31","guid":{"rendered":"http:\/\/oasisfm935.com\/site\/?p=5123"},"modified":"2020-06-14T15:09:39","modified_gmt":"2020-06-14T18:09:39","slug":"coronavirus-ziliotto-se-refirio-al-caso-positivo-sin-estigmatizaciones-pidio","status":"publish","type":"post","link":"https:\/\/oasisfm935.com.ar\/site\/coronavirus-ziliotto-se-refirio-al-caso-positivo-sin-estigmatizaciones-pidio\/","title":{"rendered":"Coronavirus: Ziliotto se refiri\u00f3 al caso positivo. \u00abSin estigmatizaciones\u00bb, pidi\u00f3"},"content":{"rendered":"<header class=\"main-header-amp\">\n<div class=\"logo-wrapper\"><\/div>\n<\/header>\n<article class=\"detail-body-amp\">\n<p class=\"news-amp-caption\">Este mediod\u00eda se report\u00f3 un nuevo caso de coronavirus en la provincia. Qu\u00e9 dijo el gobernador Sergio Ziliotto respecto al tema.<\/p>\n<div class=\"article-date\"><\/div>\n<div class=\"news-amp-body\">\n<p>El gobernador de La Pampa, Sergio Ziliotto, confirm\u00f3 v\u00eda Twitter el caso positivo de coronavirus detectado en la localidad de Realic\u00f3.<\/p>\n<p><span id=\"saysCMSEmphasis0p6a8hmo7hte\" class=\"saysCMSEmphasis\">\u00abUn nuevo caso de Covid-19 en La Pampa ( producto de la b\u00fasqueda activa a camioneros que regresan ) ha disparado el dispositivo sanitario provincial previsto para aislar posibles contactos estrechos. Es momento de multiplicar nuestra responsabilidad social. Sin estigmatizaciones\u00bb, sostuvo a trav\u00e9s de la red social\u00a0 <\/span><\/p>\n<p><span class=\"\">Este mediod\u00eda, el gobierno de La Pampa inform\u00f3 que, a partir de la \u00abb\u00fasqueda activa de COVID-19\u00bb, se detect\u00f3 un caso positivo en Realic\u00f3. Se trata de un camionero, el cual no presentaba s\u00edntomas.<\/span><\/p>\n<blockquote class=\"twitter-tweet\" data-width=\"550\" data-dnt=\"true\">\n<p lang=\"es\" dir=\"ltr\">Un nuevo caso de Covid-19 en La Pampa ( producto de la b\u00fasqueda activa a camioneros que regresan ) ha disparado el dispositivo sanitario provincial previsto para aislar posibles contactos estrechos. Es momento de multiplicar nuestra responsabilidad social. Sin estigmatizaciones.<\/p>\n<p>&mdash; Sergio Ziliotto (@ZiliottoSergio) <a href=\"https:\/\/twitter.com\/ZiliottoSergio\/status\/1272206965020688388?ref_src=twsrc%5Etfw\">June 14, 2020<\/a><\/p><\/blockquote>\n<p><script async src=\"https:\/\/platform.twitter.com\/widgets.js\" charset=\"utf-8\"><\/script><\/p>\n<\/div>\n<\/article>\n<p>&nbsp;<\/p>\n<div class=\"oasis-despues-del-contenido\" id=\"oasis-3258900165\"><img loading=\"lazy\" decoding=\"async\" src=\"https:\/\/oasisfm935.com.ar\/site\/wp-content\/uploads\/2020\/08\/47806202-8741-49f2-a5c9-d2f930e5baa1.jpg\" alt=\"\"  srcset=\"https:\/\/oasisfm935.com.ar\/site\/wp-content\/uploads\/2020\/08\/47806202-8741-49f2-a5c9-d2f930e5baa1.jpg 1080w, https:\/\/oasisfm935.com.ar\/site\/wp-content\/uploads\/2020\/08\/47806202-8741-49f2-a5c9-d2f930e5baa1-300x300.jpg 300w, https:\/\/oasisfm935.com.ar\/site\/wp-content\/uploads\/2020\/08\/47806202-8741-49f2-a5c9-d2f930e5baa1-1024x1024.jpg 1024w, https:\/\/oasisfm935.com.ar\/site\/wp-content\/uploads\/2020\/08\/47806202-8741-49f2-a5c9-d2f930e5baa1-150x150.jpg 150w, https:\/\/oasisfm935.com.ar\/site\/wp-content\/uploads\/2020\/08\/47806202-8741-49f2-a5c9-d2f930e5baa1-768x768.jpg 768w\" sizes=\"(max-width: 1080px) 100vw, 1080px\" class=\"no-lazyload\" width=\"1080\" height=\"1080\"  style=\"display: inline-block;\" \/><\/div>","protected":false},"excerpt":{"rendered":"<p>Este mediod\u00eda se report\u00f3 un nuevo caso de coronavirus en la provincia. Qu\u00e9 dijo el gobernador Sergio Ziliotto respecto al tema. El<\/p>\n","protected":false},"author":4,"featured_media":4704,"comment_status":"closed","ping_status":"open","sticky":false,"template":"","format":"standard","meta":{"colormag_page_layout":"default_layout","footnotes":""},"categories":[2],"tags":[],"class_list":["post-5123","post","type-post","status-publish","format-standard","has-post-thumbnail","hentry","category-noticias"],"_links":{"self":[{"href":"https:\/\/oasisfm935.com.ar\/site\/wp-json\/wp\/v2\/posts\/5123","targetHints":{"allow":["GET"]}}],"collection":[{"href":"https:\/\/oasisfm935.com.ar\/site\/wp-json\/wp\/v2\/posts"}],"about":[{"href":"https:\/\/oasisfm935.com.ar\/site\/wp-json\/wp\/v2\/types\/post"}],"author":[{"embeddable":true,"href":"https:\/\/oasisfm935.com.ar\/site\/wp-json\/wp\/v2\/users\/4"}],"replies":[{"embeddable":true,"href":"https:\/\/oasisfm935.com.ar\/site\/wp-json\/wp\/v2\/comments?post=5123"}],"version-history":[{"count":3,"href":"https:\/\/oasisfm935.com.ar\/site\/wp-json\/wp\/v2\/posts\/5123\/revisions"}],"predecessor-version":[{"id":5128,"href":"https:\/\/oasisfm935.com.ar\/site\/wp-json\/wp\/v2\/posts\/5123\/revisions\/5128"}],"wp:featuredmedia":[{"embeddable":true,"href":"https:\/\/oasisfm935.com.ar\/site\/wp-json\/wp\/v2\/media\/4704"}],"wp:attachment":[{"href":"https:\/\/oasisfm935.com.ar\/site\/wp-json\/wp\/v2\/media?parent=5123"}],"wp:term":[{"taxonomy":"category","embeddable":true,"href":"https:\/\/oasisfm935.com.ar\/site\/wp-json\/wp\/v2\/categories?post=5123"},{"taxonomy":"post_tag","embeddable":true,"href":"https:\/\/oasisfm935.com.ar\/site\/wp-json\/wp\/v2\/tags?post=5123"}],"curies":[{"name":"wp","href":"https:\/\/api.w.org\/{rel}","templated":true}]}}