{"id":5130,"date":"2020-06-14T16:56:41","date_gmt":"2020-06-14T19:56:41","guid":{"rendered":"http:\/\/oasisfm935.com\/site\/?p=5130"},"modified":"2020-06-14T17:34:07","modified_gmt":"2020-06-14T20:34:07","slug":"la-pampa-realico-roberto-luis-martinez-srl-confirmo-que-el-caso-positivo-pertenece-a-un-camionero-de-su-flota","status":"publish","type":"post","link":"https:\/\/oasisfm935.com.ar\/site\/la-pampa-realico-roberto-luis-martinez-srl-confirmo-que-el-caso-positivo-pertenece-a-un-camionero-de-su-flota\/","title":{"rendered":"La Pampa Realic\u00f3: Roberto Luis Martinez SRL confirmo que el caso positivo pertenece a un camionero de su flota."},"content":{"rendered":"<p>Textualmente en su red social Martinez expres\u00f3 que el camionero se encuentra aislado al igual que los contactos estrechos.\u00a0\u00a0<strong>\u00abEn el Marco de B\u00fasqueda Activa de COVID-19 por parte del Departamento de Epidemiologia de la Provincia de La Pampa y su llegada a Realico, realizando una Capacitaci\u00f3n y posterior hisopado voluntario al personal de riesgo y esencial como son los Choferes de Camiones. La Empresa Roberto Luis Martinez SRL, Transporte de Combustible, invito a todos sus choferes que se encontraban sin viaje, a realizarse el mismo. Concurrieron a dicha muestra, tanto choferes como personal Administrativo de la correspondiente Unidad de Negocio\u00bb<\/strong><\/p>\n<p><strong>\u00abComo resultado del mismo, se ha detectado un CASO POSITIVO en la Flota, el cual se encuentra aislado, al igual que los contactos estrechos, todos en perfecto estado de Salud\u00bb<\/strong><\/p>\n<p>Adem\u00e1s Martinez indic\u00f3\u00a0<strong>\u00abCabe aclarar que tanto el chofer como la Empresa poseen su protocolo al respecto y de hecho hace un tiempo tuvimos un caso sospechoso que luego arrojo resultado Negativo. En este caso, la persona en cuesti\u00f3n, no estuvo en la Localidad los \u00faltimos 8 d\u00edas, regresando al pueblo el viernes por la tarde y participando del Hisopado el s\u00e1bado a la ma\u00f1ana. Tanto la Empresa como Salud Publica est\u00e1n actuando seg\u00fan indican los protocolos del caso.\u00bb<\/strong><\/p>\n<p><strong>\u00abEs dable aclarar que se denomina contacto estrecho a aquella persona que permaneci\u00f3 mas de 15 minutos con una persona infectada, en un ambiente cerrado y sin las protecciones necesarias\u00bb<\/strong><\/p>\n<p>Sobre el final de su comunicado manifest\u00f3<strong>\u00a0\u00abRogamos a la comunidad desde nuestro humilde lugar, mucha tranquilidad, respeto por el enfermo y su familia, y sobre todo, la Empat\u00eda necesaria y tan escasa o nula con cuestiones de esta \u00edndole.Todos procedimos como correspond\u00eda y lamentablemente el caso apareci\u00f3 como era de esperar. Por favor, no bajemos nunca la guardia porque el virus esta mas fuerte que nunca, pero con las barreras de mitigaci\u00f3n, podemos hacer que no sea propagado tan r\u00e1pido. Nuestra solidaridad y apoyo para con el chofer y toda su familia. Al resto, le rogamos comprensi\u00f3n y Empat\u00eda\u00bb.<\/strong><\/p>\n<div id=\"fb-root\"><\/div>\n<p><script async=\"1\" defer=\"1\" crossorigin=\"anonymous\" src=\"https:\/\/connect.facebook.net\/es_LA\/sdk.js#xfbml=1&amp;version=v7.0\" nonce=\"D4oqpry2\"><\/script><\/p>\n<div class=\"fb-post\" data-href=\"https:\/\/www.facebook.com\/diegoalejandro.martinez\/posts\/10164378550195393\" data-width=\"750\">\n<blockquote cite=\"https:\/\/www.facebook.com\/diegoalejandro.martinez\/posts\/10164378550195393\" class=\"fb-xfbml-parse-ignore\">\n<p>Caso COVID-19 en RealicoEn el Marco de B\u00fasqueda Activa de COVID-19 por parte del Departamento de Epidemiologia de la&#8230;<\/p>\n<p>Publicado por <a href=\"https:\/\/www.facebook.com\/diegoalejandro.martinez\">Diego Alejandro Martinez<\/a> en&nbsp;<a href=\"https:\/\/www.facebook.com\/diegoalejandro.martinez\/posts\/10164378550195393\">Domingo, 14 de junio de 2020<\/a><\/p><\/blockquote>\n<\/div>\n<h2 class=\"nombre\"><\/h2>\n<p>info tec 4.0<\/p>\n<p>&nbsp;<\/p>\n<div class=\"oasis-despues-del-contenido\" id=\"oasis-3472492874\"><img loading=\"lazy\" decoding=\"async\" src=\"https:\/\/oasisfm935.com.ar\/site\/wp-content\/uploads\/2020\/08\/47806202-8741-49f2-a5c9-d2f930e5baa1.jpg\" alt=\"\"  srcset=\"https:\/\/oasisfm935.com.ar\/site\/wp-content\/uploads\/2020\/08\/47806202-8741-49f2-a5c9-d2f930e5baa1.jpg 1080w, https:\/\/oasisfm935.com.ar\/site\/wp-content\/uploads\/2020\/08\/47806202-8741-49f2-a5c9-d2f930e5baa1-300x300.jpg 300w, https:\/\/oasisfm935.com.ar\/site\/wp-content\/uploads\/2020\/08\/47806202-8741-49f2-a5c9-d2f930e5baa1-1024x1024.jpg 1024w, https:\/\/oasisfm935.com.ar\/site\/wp-content\/uploads\/2020\/08\/47806202-8741-49f2-a5c9-d2f930e5baa1-150x150.jpg 150w, https:\/\/oasisfm935.com.ar\/site\/wp-content\/uploads\/2020\/08\/47806202-8741-49f2-a5c9-d2f930e5baa1-768x768.jpg 768w\" sizes=\"(max-width: 1080px) 100vw, 1080px\" class=\"no-lazyload\" width=\"1080\" height=\"1080\"  style=\"display: inline-block;\" \/><\/div>","protected":false},"excerpt":{"rendered":"<p>Textualmente en su red social Martinez expres\u00f3 que el camionero se encuentra aislado al igual que los contactos estrechos.\u00a0\u00a0\u00abEn el Marco de<\/p>\n","protected":false},"author":4,"featured_media":5131,"comment_status":"closed","ping_status":"open","sticky":false,"template":"","format":"standard","meta":{"colormag_page_layout":"default_layout","footnotes":""},"categories":[2],"tags":[],"class_list":["post-5130","post","type-post","status-publish","format-standard","has-post-thumbnail","hentry","category-noticias"],"_links":{"self":[{"href":"https:\/\/oasisfm935.com.ar\/site\/wp-json\/wp\/v2\/posts\/5130","targetHints":{"allow":["GET"]}}],"collection":[{"href":"https:\/\/oasisfm935.com.ar\/site\/wp-json\/wp\/v2\/posts"}],"about":[{"href":"https:\/\/oasisfm935.com.ar\/site\/wp-json\/wp\/v2\/types\/post"}],"author":[{"embeddable":true,"href":"https:\/\/oasisfm935.com.ar\/site\/wp-json\/wp\/v2\/users\/4"}],"replies":[{"embeddable":true,"href":"https:\/\/oasisfm935.com.ar\/site\/wp-json\/wp\/v2\/comments?post=5130"}],"version-history":[{"count":7,"href":"https:\/\/oasisfm935.com.ar\/site\/wp-json\/wp\/v2\/posts\/5130\/revisions"}],"predecessor-version":[{"id":5138,"href":"https:\/\/oasisfm935.com.ar\/site\/wp-json\/wp\/v2\/posts\/5130\/revisions\/5138"}],"wp:featuredmedia":[{"embeddable":true,"href":"https:\/\/oasisfm935.com.ar\/site\/wp-json\/wp\/v2\/media\/5131"}],"wp:attachment":[{"href":"https:\/\/oasisfm935.com.ar\/site\/wp-json\/wp\/v2\/media?parent=5130"}],"wp:term":[{"taxonomy":"category","embeddable":true,"href":"https:\/\/oasisfm935.com.ar\/site\/wp-json\/wp\/v2\/categories?post=5130"},{"taxonomy":"post_tag","embeddable":true,"href":"https:\/\/oasisfm935.com.ar\/site\/wp-json\/wp\/v2\/tags?post=5130"}],"curies":[{"name":"wp","href":"https:\/\/api.w.org\/{rel}","templated":true}]}}