{"id":5140,"date":"2020-06-14T18:50:39","date_gmt":"2020-06-14T21:50:39","guid":{"rendered":"http:\/\/oasisfm935.com\/site\/?p=5140"},"modified":"2020-06-14T18:51:25","modified_gmt":"2020-06-14T21:51:25","slug":"la-pampa-el-intendente-de-realico-dijo-que-no-se-va-a-modificar-el-status-sanitario","status":"publish","type":"post","link":"https:\/\/oasisfm935.com.ar\/site\/la-pampa-el-intendente-de-realico-dijo-que-no-se-va-a-modificar-el-status-sanitario\/","title":{"rendered":"La Pampa: El intendente de Realic\u00f3 dijo que no se va a modificar el status sanitario"},"content":{"rendered":"<p>El intendente de Realic\u00f3, Jos\u00e9 Braulio \u00c1lvarez brind\u00f3 una conferencia para referirse al caso positivo de coronavirus que se detect\u00f3 en la localidad, tras la capacitaci\u00f3n e hisopado voluntario que se realiz\u00f3 ayer s\u00e1bado.<\/p>\n<p>Destac\u00f3 que el contagio se haya descubierto \u00abgracias a la b\u00fasqueda activa del gobierno de La Pampa\u00bb. En esa direcci\u00f3n, consider\u00f3 que debido \u00aba la forma en que se actu\u00f3 creo que vamos a minimizar los contagios\u00bb.<\/p>\n<p>\u00abLes pido que no den nombres, no estigmaticemos. Entr\u00f3 por ese lugar pero podr\u00eda haber entrado por cualquier otro lugar. Tenemos que estar todos juntos. He hablado con el due\u00f1o de la empresa, posiblemente se lo traslade a Santa Rosa. Ya nos han pedido que alquilemos un hotel para aislar a los contactos de ac\u00e1\u00bb, manifest\u00f3 \u00c1lvarez.<\/p>\n<p>El intendente tambi\u00e9n pidi\u00f3 a la poblaci\u00f3n \u00abque este tranquila\u00bb e indic\u00f3 que \u00abse est\u00e1 trabajando. Les pido que extrememos las medidas preventivas, los protocolos, de esa forma nos vamos a cuidar todos. Otra no queda, la \u00fanica vacuna que hay es esa\u00bb.<\/p>\n<p>El jefe comunal, que tambi\u00e9n es m\u00e9dico jubilado, asegur\u00f3 que Realic\u00f3 va a seguir con el mismo status sanitario que ten\u00eda y no se va a dar marcha atr\u00e1s con ninguna medida de flexibilizaci\u00f3n. Aunque aclar\u00f3 que eso puede cambiar si \u00abde los contactos aparezca Alg\u00fan caso positivo o salvo que Epidemiolog\u00eda de la Provincia indique otra cosa, pero desde el punto de vista del municipio y el gobierno provincial la decisi\u00f3n es seguir como est\u00e1\u00bb.<\/p>\n<p>Por otro lado, \u00c1lvarez inform\u00f3 que fue llamado por varios funcionarios del gobierno de la provincia, \u00abdesde el gobernador para abajo, todos brindando apoyo a la gente de Realic\u00f3 y al municipio\u00bb.<\/p>\n<p>\u00abCreo que los transportistas, camioneros, cumplieron a la perfecci\u00f3n el aislamiento y la prevenci\u00f3n. Que casualidad que la empresa que mas colabor\u00f3 para elaborar los protocolos, lamentablemente fue un chofer de ellos a los que les toc\u00f3. Tienen unos protocolos muy buenos y para todo. Esto es as\u00ed, uno no sabe por donde entra\u00bb, se lament\u00f3.<\/p>\n<p>\u00abSi bien tenemos un caso, est\u00e1 todo controlado. Extremen las medidas preventivas, mantengan el distanciamiento social, no se aglomeren, utilicen la lavandina y la situaci\u00f3n est\u00e1 cubierta por la gente de Salud P\u00fablica y estamos poniendo todo para tratar de dar lo mejor\u00bb, afirm\u00f3 el intendente.<\/p>\n<p>&nbsp;<\/p>\n<p>fuente Diario La Arena<\/p>\n<div class=\"oasis-despues-del-contenido\" id=\"oasis-1637543067\"><img loading=\"lazy\" decoding=\"async\" src=\"https:\/\/oasisfm935.com.ar\/site\/wp-content\/uploads\/2020\/08\/47806202-8741-49f2-a5c9-d2f930e5baa1.jpg\" alt=\"\"  srcset=\"https:\/\/oasisfm935.com.ar\/site\/wp-content\/uploads\/2020\/08\/47806202-8741-49f2-a5c9-d2f930e5baa1.jpg 1080w, https:\/\/oasisfm935.com.ar\/site\/wp-content\/uploads\/2020\/08\/47806202-8741-49f2-a5c9-d2f930e5baa1-300x300.jpg 300w, https:\/\/oasisfm935.com.ar\/site\/wp-content\/uploads\/2020\/08\/47806202-8741-49f2-a5c9-d2f930e5baa1-1024x1024.jpg 1024w, https:\/\/oasisfm935.com.ar\/site\/wp-content\/uploads\/2020\/08\/47806202-8741-49f2-a5c9-d2f930e5baa1-150x150.jpg 150w, https:\/\/oasisfm935.com.ar\/site\/wp-content\/uploads\/2020\/08\/47806202-8741-49f2-a5c9-d2f930e5baa1-768x768.jpg 768w\" sizes=\"(max-width: 1080px) 100vw, 1080px\" class=\"no-lazyload\" width=\"1080\" height=\"1080\"  style=\"display: inline-block;\" \/><\/div>","protected":false},"excerpt":{"rendered":"<p>El intendente de Realic\u00f3, Jos\u00e9 Braulio \u00c1lvarez brind\u00f3 una conferencia para referirse al caso positivo de coronavirus que se detect\u00f3 en la<\/p>\n","protected":false},"author":4,"featured_media":5141,"comment_status":"closed","ping_status":"open","sticky":false,"template":"","format":"standard","meta":{"colormag_page_layout":"default_layout","footnotes":""},"categories":[2],"tags":[],"class_list":["post-5140","post","type-post","status-publish","format-standard","has-post-thumbnail","hentry","category-noticias"],"_links":{"self":[{"href":"https:\/\/oasisfm935.com.ar\/site\/wp-json\/wp\/v2\/posts\/5140","targetHints":{"allow":["GET"]}}],"collection":[{"href":"https:\/\/oasisfm935.com.ar\/site\/wp-json\/wp\/v2\/posts"}],"about":[{"href":"https:\/\/oasisfm935.com.ar\/site\/wp-json\/wp\/v2\/types\/post"}],"author":[{"embeddable":true,"href":"https:\/\/oasisfm935.com.ar\/site\/wp-json\/wp\/v2\/users\/4"}],"replies":[{"embeddable":true,"href":"https:\/\/oasisfm935.com.ar\/site\/wp-json\/wp\/v2\/comments?post=5140"}],"version-history":[{"count":2,"href":"https:\/\/oasisfm935.com.ar\/site\/wp-json\/wp\/v2\/posts\/5140\/revisions"}],"predecessor-version":[{"id":5143,"href":"https:\/\/oasisfm935.com.ar\/site\/wp-json\/wp\/v2\/posts\/5140\/revisions\/5143"}],"wp:featuredmedia":[{"embeddable":true,"href":"https:\/\/oasisfm935.com.ar\/site\/wp-json\/wp\/v2\/media\/5141"}],"wp:attachment":[{"href":"https:\/\/oasisfm935.com.ar\/site\/wp-json\/wp\/v2\/media?parent=5140"}],"wp:term":[{"taxonomy":"category","embeddable":true,"href":"https:\/\/oasisfm935.com.ar\/site\/wp-json\/wp\/v2\/categories?post=5140"},{"taxonomy":"post_tag","embeddable":true,"href":"https:\/\/oasisfm935.com.ar\/site\/wp-json\/wp\/v2\/tags?post=5140"}],"curies":[{"name":"wp","href":"https:\/\/api.w.org\/{rel}","templated":true}]}}