{"id":5144,"date":"2020-06-14T20:18:23","date_gmt":"2020-06-14T23:18:23","guid":{"rendered":"http:\/\/oasisfm935.com\/site\/?p=5144"},"modified":"2020-06-14T20:18:35","modified_gmt":"2020-06-14T23:18:35","slug":"la-pampa-trasladan-al-paciente-positivo-y-se-aislaron-15-personas","status":"publish","type":"post","link":"https:\/\/oasisfm935.com.ar\/site\/la-pampa-trasladan-al-paciente-positivo-y-se-aislaron-15-personas\/","title":{"rendered":"La Pampa: Trasladan al paciente positivo y se aislaron 15 personas"},"content":{"rendered":"<p>&nbsp;<\/p>\n<p>Se dispuso el traslado a Santa Rosa del paciente, quien se encuentra estable y en buenas condiciones cl\u00ednicas, para realizar un \u201cmonitoreo constante\u201d de su evoluci\u00f3n y proteger su privacidad. Adem\u00e1s fueron aisladas 15 personas con las que tuvo contacto estrecho en los \u00faltimos cinco d\u00edas. Las medidas se adoptaron horas despu\u00e9s que la \u201cb\u00fasqueda activa\u201d implementada por el Gobierno Provincial detectara un caso asintom\u00e1tico en Realic\u00f3.<\/p>\n<p>La confirmaci\u00f3n del caso dispar\u00f3 en forma autom\u00e1tica la aplicaci\u00f3n de los protocolos de acci\u00f3n previstos para este tipo de contingencias. Un equipo de profesionales de epidemiolog\u00eda del ministerio de Salud de La Pampa se constituy\u00f3 hoy en Realic\u00f3 y activ\u00f3 todos los mecanismos establecidos para prevenir contagios ante la reciente aparici\u00f3n del caso.<\/p>\n<p>La detecci\u00f3n se produjo en el marco del operativo de b\u00fasqueda activa del virus dispuesto por el gobernador Sergio Ziliotto.<\/p>\n<p>Inmediatamente, el paciente fue aislado e igual procedimiento se adopt\u00f3 con sus familiares y dem\u00e1s personas, con las que tuvo contacto estrecho en los \u00faltimos cinco d\u00edas.<br \/>\nHoras m\u00e1s tarde el transportista fue trasladado encapsulado a Santa Rosa, donde se lo aloj\u00f3 en uno de los sitios dispuestos para estas circunstancias. La decisi\u00f3n se tom\u00f3 para poder monitorear permanentemente su evoluci\u00f3n cl\u00ednica.<\/p>\n<p>Se determin\u00f3 que fueron 18 las personas que estuvieron en contacto estrecho con el paciente infectado. Asimismo se aclara que 15 contactos son provinciales y 3 son de otras jurisdicciones las cuales ya fueron alertadas. Los pampeanos son de Realic\u00f3, Itendente Alvear, Alta Italia y Toay y todos fueron aislados para su segimiento epidemiol\u00f3gico.<\/p>\n<p>Vale mencionar que el gobierno provincial viene realizando un operativo de \u201cb\u00fasqueda activa\u201d del virus en territorio, para actuar con celeridad ante la posible aparici\u00f3n de casos.<br \/>\nHasta el momento se hab\u00edan concretado acciones de rastreo en General Campos, Lonquimay y Catril\u00f3 donde, como en Realic\u00f3, se trabaj\u00f3 sobre el grupo espec\u00edfico que conforman los transportistas que, por razones laborales, deben trasladarse a localidades con circulaci\u00f3n activa del virus.<\/p>\n<p>&nbsp;<\/p>\n<div class=\"oasis-despues-del-contenido\" id=\"oasis-1823887943\"><img loading=\"lazy\" decoding=\"async\" src=\"https:\/\/oasisfm935.com.ar\/site\/wp-content\/uploads\/2020\/08\/47806202-8741-49f2-a5c9-d2f930e5baa1.jpg\" alt=\"\"  srcset=\"https:\/\/oasisfm935.com.ar\/site\/wp-content\/uploads\/2020\/08\/47806202-8741-49f2-a5c9-d2f930e5baa1.jpg 1080w, https:\/\/oasisfm935.com.ar\/site\/wp-content\/uploads\/2020\/08\/47806202-8741-49f2-a5c9-d2f930e5baa1-300x300.jpg 300w, https:\/\/oasisfm935.com.ar\/site\/wp-content\/uploads\/2020\/08\/47806202-8741-49f2-a5c9-d2f930e5baa1-1024x1024.jpg 1024w, https:\/\/oasisfm935.com.ar\/site\/wp-content\/uploads\/2020\/08\/47806202-8741-49f2-a5c9-d2f930e5baa1-150x150.jpg 150w, https:\/\/oasisfm935.com.ar\/site\/wp-content\/uploads\/2020\/08\/47806202-8741-49f2-a5c9-d2f930e5baa1-768x768.jpg 768w\" sizes=\"(max-width: 1080px) 100vw, 1080px\" class=\"no-lazyload\" width=\"1080\" height=\"1080\"  style=\"display: inline-block;\" \/><\/div>","protected":false},"excerpt":{"rendered":"<p>&nbsp; Se dispuso el traslado a Santa Rosa del paciente, quien se encuentra estable y en buenas condiciones cl\u00ednicas, para realizar un<\/p>\n","protected":false},"author":4,"featured_media":4882,"comment_status":"closed","ping_status":"open","sticky":false,"template":"","format":"standard","meta":{"colormag_page_layout":"default_layout","footnotes":""},"categories":[2],"tags":[],"class_list":["post-5144","post","type-post","status-publish","format-standard","has-post-thumbnail","hentry","category-noticias"],"_links":{"self":[{"href":"https:\/\/oasisfm935.com.ar\/site\/wp-json\/wp\/v2\/posts\/5144","targetHints":{"allow":["GET"]}}],"collection":[{"href":"https:\/\/oasisfm935.com.ar\/site\/wp-json\/wp\/v2\/posts"}],"about":[{"href":"https:\/\/oasisfm935.com.ar\/site\/wp-json\/wp\/v2\/types\/post"}],"author":[{"embeddable":true,"href":"https:\/\/oasisfm935.com.ar\/site\/wp-json\/wp\/v2\/users\/4"}],"replies":[{"embeddable":true,"href":"https:\/\/oasisfm935.com.ar\/site\/wp-json\/wp\/v2\/comments?post=5144"}],"version-history":[{"count":2,"href":"https:\/\/oasisfm935.com.ar\/site\/wp-json\/wp\/v2\/posts\/5144\/revisions"}],"predecessor-version":[{"id":5146,"href":"https:\/\/oasisfm935.com.ar\/site\/wp-json\/wp\/v2\/posts\/5144\/revisions\/5146"}],"wp:featuredmedia":[{"embeddable":true,"href":"https:\/\/oasisfm935.com.ar\/site\/wp-json\/wp\/v2\/media\/4882"}],"wp:attachment":[{"href":"https:\/\/oasisfm935.com.ar\/site\/wp-json\/wp\/v2\/media?parent=5144"}],"wp:term":[{"taxonomy":"category","embeddable":true,"href":"https:\/\/oasisfm935.com.ar\/site\/wp-json\/wp\/v2\/categories?post=5144"},{"taxonomy":"post_tag","embeddable":true,"href":"https:\/\/oasisfm935.com.ar\/site\/wp-json\/wp\/v2\/tags?post=5144"}],"curies":[{"name":"wp","href":"https:\/\/api.w.org\/{rel}","templated":true}]}}