{"id":5148,"date":"2020-06-15T10:29:27","date_gmt":"2020-06-15T13:29:27","guid":{"rendered":"http:\/\/oasisfm935.com\/site\/?p=5148"},"modified":"2020-06-15T10:29:27","modified_gmt":"2020-06-15T13:29:27","slug":"el-camionero-de-realico-contagiado-se-encuentra-estable","status":"publish","type":"post","link":"https:\/\/oasisfm935.com.ar\/site\/el-camionero-de-realico-contagiado-se-encuentra-estable\/","title":{"rendered":"El camionero de Realic\u00f3 contagiado se encuentra \u00abestable\u00bb"},"content":{"rendered":"<p>Hay 15 personas aisladas: son de\u00a0<strong>Realic\u00f3, Intendente Alvear, Alta Italia y Toay<\/strong>.<\/p>\n<p>El camionero de Realic\u00f3 que dio positivo por coronavirus y fue trasladado a Santa Rosa se encuentra \u00abestable\u00bb y \u00aben buenas condiciones cl\u00ednicas\u00bb, seg\u00fan confirmaron este lunes a\u00a0<strong>El Diario<\/strong>\u00a0fuentes del Ministerio de Salud.<\/p>\n<p>Tal como dio a conocer ayer el Gobierno Provincial, el hombre fue traslado -encapsulado- para realizar un \u00abmonitoreo constante de su evoluci\u00f3n y proteger su privacidad\u00bb.<\/p>\n<p>Adem\u00e1s, fueron aisladas 15 personas con las que tuvo contacto estrecho en los \u00faltimos cinco d\u00edas. El transportista fue trasladado encapsulado a Santa Rosa, donde se lo aloj\u00f3 en uno de los sitios dispuestos para estas circunstancias.<\/p>\n<p>Se determin\u00f3 que en total fueron 18 las personas que estuvieron en contacto estrecho con el paciente, pero tres de ellas son de otras jurisdicciones \u00ablas cuales ya fueron alertadas\u00bb. Los pampeanos son de Realic\u00f3, Intendente Alvear, Alta Italia y Toay y todos fueron aislados para su segimiento epidemiol\u00f3gico, se inform\u00f3 oficialmente.<\/p>\n<p>Ayer, el intendente de Realic\u00f3,\u00a0Jos\u00e9 Braulio \u00c1lvarez, brind\u00f3 una conferencia de prensa donde confirm\u00f3 que los contactos del camionero ser\u00e1n aislados en un hotel.<\/p>\n<p>\u00abVamos a seguir con el status sanitario que ten\u00edamos\u00bb, dijo el jefe comunal, remarcando que las actividades habilitadas dentro de la fase de distanciamiento social seguir\u00e1n como hasta ahora.<\/p>\n<p>\u00c1lvarez pidi\u00f3 a la poblaci\u00f3n que \u00abmultipliquen sus esfuerzos para cumplir con la responsabilidad social\u00bb. \u00abEstamos en etapa de distanciamiento, eso lo tenemos que cumplir muy bien. Todas las medidas preventivas que se han detallado en forma reiterada desde el Gobierno provincial y que hemos bajado desde el municipio. Le pedimos a los realiquenses que lo tengan bien en cuenta\u00bb, detall\u00f3.<\/p>\n<p>Destac\u00f3 que este caso fue detectado \u00abgracias a la b\u00fasqueda activa del Gobierno de la provinca a traves de Salud P\u00fablica\u00bb.<\/p>\n<p>Tambi\u00e9n valor\u00f3 la cooperaci\u00f3n de los transportistas, que fueron a testearse \u00aben un n\u00famero importante\u00bb. \u00abY gracias a la b\u00fasqueda activa se pudo dar con un caso positivo, y de esa forma se puede aislar para evitar que sigan los contactos\u00bb, detall\u00f3.<\/p>\n<p>\u00abEst\u00e1 trabajando el equipo de Epidemiolog\u00eda en el hospital local. Han detectado alrededor de 10 contactos que tambi\u00e9n se van a aislar. Actuando de forma r\u00e1pida vamos a minimizar los contagios\u00bb, se\u00f1al\u00f3.<\/p>\n<p>Insisti\u00f3 en el pedido de \u00abno estigmatizar\u00bb a la persona enferma ni a su familia. \u00abTenemos que estar todos juntos. He hablado con el due\u00f1o de la empresa, le dije que estamos al lado de ellos y los vamos a ayudar. No hay culpables ac\u00e1, se dio y ya est\u00e1 aislado\u00bb, remarc\u00f3.<\/p>\n<p>\u00abPosiblemente se lo va a trasladar a Santa Rosa con su familia. A los contactos de ac\u00e1, ya nos han pedido que busquemos un hotel para aislarlos.\u00a0Pido a la poblaci\u00f3n que est\u00e9 tranquila porque nos tenemos que ayudar entre todos. Nos tenemos que cuidar todos, vamos a seguir con el status sanitario que ten\u00edamos y no vamos a volver para atr\u00e1s\u00bb, subray\u00f3 el jefe comunal.<\/p>\n<p>Tambi\u00e9n, dijo que est\u00e1n analizando limitar los accesos a la localidad para poder controlar posibles s\u00edntomas de casos sospechosos.<\/p>\n<div class=\"oasis-despues-del-contenido\" id=\"oasis-3573630551\"><img loading=\"lazy\" decoding=\"async\" src=\"https:\/\/oasisfm935.com.ar\/site\/wp-content\/uploads\/2020\/08\/47806202-8741-49f2-a5c9-d2f930e5baa1.jpg\" alt=\"\"  srcset=\"https:\/\/oasisfm935.com.ar\/site\/wp-content\/uploads\/2020\/08\/47806202-8741-49f2-a5c9-d2f930e5baa1.jpg 1080w, https:\/\/oasisfm935.com.ar\/site\/wp-content\/uploads\/2020\/08\/47806202-8741-49f2-a5c9-d2f930e5baa1-300x300.jpg 300w, https:\/\/oasisfm935.com.ar\/site\/wp-content\/uploads\/2020\/08\/47806202-8741-49f2-a5c9-d2f930e5baa1-1024x1024.jpg 1024w, https:\/\/oasisfm935.com.ar\/site\/wp-content\/uploads\/2020\/08\/47806202-8741-49f2-a5c9-d2f930e5baa1-150x150.jpg 150w, https:\/\/oasisfm935.com.ar\/site\/wp-content\/uploads\/2020\/08\/47806202-8741-49f2-a5c9-d2f930e5baa1-768x768.jpg 768w\" sizes=\"(max-width: 1080px) 100vw, 1080px\" class=\"no-lazyload\" width=\"1080\" height=\"1080\"  style=\"display: inline-block;\" \/><\/div>","protected":false},"excerpt":{"rendered":"<p>Hay 15 personas aisladas: son de\u00a0Realic\u00f3, Intendente Alvear, Alta Italia y Toay. El camionero de Realic\u00f3 que dio positivo por coronavirus y<\/p>\n","protected":false},"author":4,"featured_media":5149,"comment_status":"closed","ping_status":"open","sticky":false,"template":"","format":"standard","meta":{"colormag_page_layout":"default_layout","footnotes":""},"categories":[2],"tags":[],"class_list":["post-5148","post","type-post","status-publish","format-standard","has-post-thumbnail","hentry","category-noticias"],"_links":{"self":[{"href":"https:\/\/oasisfm935.com.ar\/site\/wp-json\/wp\/v2\/posts\/5148","targetHints":{"allow":["GET"]}}],"collection":[{"href":"https:\/\/oasisfm935.com.ar\/site\/wp-json\/wp\/v2\/posts"}],"about":[{"href":"https:\/\/oasisfm935.com.ar\/site\/wp-json\/wp\/v2\/types\/post"}],"author":[{"embeddable":true,"href":"https:\/\/oasisfm935.com.ar\/site\/wp-json\/wp\/v2\/users\/4"}],"replies":[{"embeddable":true,"href":"https:\/\/oasisfm935.com.ar\/site\/wp-json\/wp\/v2\/comments?post=5148"}],"version-history":[{"count":1,"href":"https:\/\/oasisfm935.com.ar\/site\/wp-json\/wp\/v2\/posts\/5148\/revisions"}],"predecessor-version":[{"id":5150,"href":"https:\/\/oasisfm935.com.ar\/site\/wp-json\/wp\/v2\/posts\/5148\/revisions\/5150"}],"wp:featuredmedia":[{"embeddable":true,"href":"https:\/\/oasisfm935.com.ar\/site\/wp-json\/wp\/v2\/media\/5149"}],"wp:attachment":[{"href":"https:\/\/oasisfm935.com.ar\/site\/wp-json\/wp\/v2\/media?parent=5148"}],"wp:term":[{"taxonomy":"category","embeddable":true,"href":"https:\/\/oasisfm935.com.ar\/site\/wp-json\/wp\/v2\/categories?post=5148"},{"taxonomy":"post_tag","embeddable":true,"href":"https:\/\/oasisfm935.com.ar\/site\/wp-json\/wp\/v2\/tags?post=5148"}],"curies":[{"name":"wp","href":"https:\/\/api.w.org\/{rel}","templated":true}]}}