{"id":5156,"date":"2020-06-15T16:40:37","date_gmt":"2020-06-15T19:40:37","guid":{"rendered":"http:\/\/oasisfm935.com\/site\/?p=5156"},"modified":"2020-06-15T17:08:06","modified_gmt":"2020-06-15T20:08:06","slug":"la-pampa-dieron-negativo-los-test-a-los-17-contactos-que-tuvo-el-camionero-de-realico-con-coronavirus","status":"publish","type":"post","link":"https:\/\/oasisfm935.com.ar\/site\/la-pampa-dieron-negativo-los-test-a-los-17-contactos-que-tuvo-el-camionero-de-realico-con-coronavirus\/","title":{"rendered":"La Pampa: Dieron negativo los test a los 17 contactos que tuvo el camionero de Realic\u00f3 con coronavirus"},"content":{"rendered":"<p>&nbsp;<\/p>\n<p>El Gobierno pampeano inform\u00f3 en la tarde de este lunes que\u00a0<strong>dieron negativo los test a los 17 personas<\/strong>\u00a0con las que tuvo contacto estrecho el camionero de Realic\u00f3.<\/p>\n<p>\u00abDe la investigaci\u00f3n epidemiol\u00f3gica realizada dentro del circuito laboral-familiar del caso positivo se definieron un total de 17 contactos estrechos, los cuales tambi\u00e9n se encuentran aislados en dispositivos intermedios y con seguimiento por parte de los equipos de Salud. Dos de estos contactos tienen residencia fuera de la Provincia por lo que adem\u00e1s de haberlos contactado telef\u00f3nicamente, se dio aviso a las autoridades de salud de las respectivas jurisdicciones. Precisamente de ese grupo de 17 personas, Salud determin\u00f3 en las \u00faltimas horas la inexistencia de casos positivos dentro del mismo\u00bb, se inform\u00f3<\/p>\n<p>Los pampeanos testeados son de\u00a0<strong>Realic\u00f3, Intendente Alvear, Alta Italia y Toay<\/strong>\u00a0y todos fueron aislados para su segimiento epidemiol\u00f3gico. Adem\u00e1s, hay dos de otra jurisdicci\u00f3n.<\/p>\n<p>&nbsp;<\/p>\n<p><strong>C\u00f3mo est\u00e1 el camionero<\/strong><\/p>\n<p><strong>El camionero, a su vez, se encuentra estable y en buenas condiciones cl\u00ednicas.<\/strong>\u00a0Seg\u00fan dijo el Ministerio de Salud, fue trasladado a la capital pampeana para realizar un<strong>\u00a0\u201cmonitoreo constante\u201d<\/strong>\u00a0de su evoluci\u00f3n y proteger su privacidad.<\/p>\n<p>El camionero volvi\u00f3 a La Pampa el jueves pasado, de un viaje a Ensenada (Buenos Aires). All\u00ed, se habr\u00eda contagiado.<\/p>\n<p>Seg\u00fan se inform\u00f3, antes de llegar a Realic\u00f3 pas\u00f3 por Pico y Catril\u00f3 y\u00a0<strong>el s\u00e1bado fue hasta el Centro Cultural de Realic\u00f3, para someterse con otros 25 transportistas a un hisopado voluntario<\/strong>. Fue hisopado dentro del programa de B\u00fasqueda Activa del Gobierno provincial. Antes se hab\u00eda realizado la misma b\u00fasqueda en Campos, Catril\u00f3 y Lonquimay. Ahora seguir\u00e1n extendiendo el programa: incluso analizan hacerlo obligatorio.<\/p>\n<div class=\"google-auto-placed ap_container\"><\/div>\n<p>El domingo por la ma\u00f1ana, finalmente, desde el Ministerio de Salud le comunicaron al joven transportistas que estaba contagiado. Fue inmediatamente aislado y comenzaron a consultarlo sobre sus contactos, que luego fueron tambi\u00e9n aislados.<\/p>\n<p>&nbsp;<\/p>\n<p><strong>Audios<\/strong><\/p>\n<p>En las \u00faltimas horas, en tanto, se viralizaron una serie de audios por Whatsapp, donde se alertaba que el virus, a ra\u00edz del contacto del camionero con otro trabajador de Toay, podr\u00eda haberse propagado por una empresa de Santa Rosa y la zona. Sin embargo, a las 16 horas se confirm\u00f3 que esa persona de Toay no tiene Covid-19, por lo que las autoridades sanitarias desestimaron esa posibilidad.<\/p>\n<p>A su vez, el gobernador Sergio Ziliotto pidi\u00f3 p\u00fablicamente a la poblaci\u00f3n evitar la difusi\u00f3n de rumores.\u00a0<strong>\u00abCompartamos solo informaci\u00f3n oficial\u00bb<\/strong>, dijo, al salir al cruce de esos comentarios.<\/p>\n<div class=\"oasis-despues-del-contenido\" id=\"oasis-2726011635\"><img loading=\"lazy\" decoding=\"async\" src=\"https:\/\/oasisfm935.com.ar\/site\/wp-content\/uploads\/2020\/08\/47806202-8741-49f2-a5c9-d2f930e5baa1.jpg\" alt=\"\"  srcset=\"https:\/\/oasisfm935.com.ar\/site\/wp-content\/uploads\/2020\/08\/47806202-8741-49f2-a5c9-d2f930e5baa1.jpg 1080w, https:\/\/oasisfm935.com.ar\/site\/wp-content\/uploads\/2020\/08\/47806202-8741-49f2-a5c9-d2f930e5baa1-300x300.jpg 300w, https:\/\/oasisfm935.com.ar\/site\/wp-content\/uploads\/2020\/08\/47806202-8741-49f2-a5c9-d2f930e5baa1-1024x1024.jpg 1024w, https:\/\/oasisfm935.com.ar\/site\/wp-content\/uploads\/2020\/08\/47806202-8741-49f2-a5c9-d2f930e5baa1-150x150.jpg 150w, https:\/\/oasisfm935.com.ar\/site\/wp-content\/uploads\/2020\/08\/47806202-8741-49f2-a5c9-d2f930e5baa1-768x768.jpg 768w\" sizes=\"(max-width: 1080px) 100vw, 1080px\" class=\"no-lazyload\" width=\"1080\" height=\"1080\"  style=\"display: inline-block;\" \/><\/div>","protected":false},"excerpt":{"rendered":"<p>&nbsp; El Gobierno pampeano inform\u00f3 en la tarde de este lunes que\u00a0dieron negativo los test a los 17 personas\u00a0con las que tuvo<\/p>\n","protected":false},"author":4,"featured_media":4882,"comment_status":"closed","ping_status":"open","sticky":false,"template":"","format":"standard","meta":{"colormag_page_layout":"default_layout","footnotes":""},"categories":[2],"tags":[],"class_list":["post-5156","post","type-post","status-publish","format-standard","has-post-thumbnail","hentry","category-noticias"],"_links":{"self":[{"href":"https:\/\/oasisfm935.com.ar\/site\/wp-json\/wp\/v2\/posts\/5156","targetHints":{"allow":["GET"]}}],"collection":[{"href":"https:\/\/oasisfm935.com.ar\/site\/wp-json\/wp\/v2\/posts"}],"about":[{"href":"https:\/\/oasisfm935.com.ar\/site\/wp-json\/wp\/v2\/types\/post"}],"author":[{"embeddable":true,"href":"https:\/\/oasisfm935.com.ar\/site\/wp-json\/wp\/v2\/users\/4"}],"replies":[{"embeddable":true,"href":"https:\/\/oasisfm935.com.ar\/site\/wp-json\/wp\/v2\/comments?post=5156"}],"version-history":[{"count":3,"href":"https:\/\/oasisfm935.com.ar\/site\/wp-json\/wp\/v2\/posts\/5156\/revisions"}],"predecessor-version":[{"id":5159,"href":"https:\/\/oasisfm935.com.ar\/site\/wp-json\/wp\/v2\/posts\/5156\/revisions\/5159"}],"wp:featuredmedia":[{"embeddable":true,"href":"https:\/\/oasisfm935.com.ar\/site\/wp-json\/wp\/v2\/media\/4882"}],"wp:attachment":[{"href":"https:\/\/oasisfm935.com.ar\/site\/wp-json\/wp\/v2\/media?parent=5156"}],"wp:term":[{"taxonomy":"category","embeddable":true,"href":"https:\/\/oasisfm935.com.ar\/site\/wp-json\/wp\/v2\/categories?post=5156"},{"taxonomy":"post_tag","embeddable":true,"href":"https:\/\/oasisfm935.com.ar\/site\/wp-json\/wp\/v2\/tags?post=5156"}],"curies":[{"name":"wp","href":"https:\/\/api.w.org\/{rel}","templated":true}]}}