{"id":5190,"date":"2020-06-17T11:45:17","date_gmt":"2020-06-17T14:45:17","guid":{"rendered":"http:\/\/oasisfm935.com\/site\/?p=5190"},"modified":"2020-06-17T11:45:17","modified_gmt":"2020-06-17T14:45:17","slug":"ingeniero-luiggi-izamiento-en-conmemoracion-del-paso-a-la-inmortalidad-de-martin-miguel-de-guemes","status":"publish","type":"post","link":"https:\/\/oasisfm935.com.ar\/site\/ingeniero-luiggi-izamiento-en-conmemoracion-del-paso-a-la-inmortalidad-de-martin-miguel-de-guemes\/","title":{"rendered":"Ingeniero Luiggi: Izamiento en Conmemoraci\u00f3n del paso a la inmortalidad de Martin Miguel de G\u00fcemes"},"content":{"rendered":"<p>Esta ma\u00f1ana se realiz\u00f3 el izamiento simult\u00e1neo de nuestra bandera Argentina en la Plaza Central y en el Parque del Pasaje Mart\u00edn G\u00fc\u00e9mez.<\/p>\n<p><img decoding=\"async\" src=\"https:\/\/scontent.frsa4-1.fna.fbcdn.net\/v\/t1.0-9\/104457002_3120733291343482_3848835405797967913_n.jpg?_nc_cat=104&amp;_nc_sid=8024bb&amp;_nc_eui2=AeFcm-4_Wg7yO_PGKctVWvcvGpuQTZnRd7kam5BNmdF3uVCbGfhquipzipFhXrPxVyY7JpsASkToAXMPnNCluxsK&amp;_nc_oc=AQmP-n0JJte3ovyxNitG-QSfX-NHQRYB324aFMsNNR6VA9JUPTfFUTGEcItwLLz49po&amp;_nc_ht=scontent.frsa4-1.fna&amp;oh=5183beb7d823bc104430687e960c6681&amp;oe=5F0F7394\" alt=\"La imagen puede contener: 1 persona, de pie y exterior\" \/><\/p>\n<div class=\"text_exposed_show\">\n<p>La descentralizaci\u00f3n de actividades en los barrios del pueblo es un lineamiento de la gesti\u00f3n para reconocer y revalorizar cada espacio del territorio local.<\/p>\n<p>Agradecemos a los vecinos del barrio FONAVI que acompa\u00f1aron la conmemoraci\u00f3n de este d\u00eda con la presencia y embanderamiento desde sus hogares<\/p>\n<p><img decoding=\"async\" src=\"https:\/\/scontent.frsa4-1.fna.fbcdn.net\/v\/t1.0-9\/104337942_3120738374676307_9002827523109824429_o.jpg?_nc_cat=111&amp;_nc_sid=8024bb&amp;_nc_eui2=AeHoWwGJ2r-tIumfU4hM23IvtKVXViLsr4S0pVdWIuyvhAfOzSqKnNn2__dixbsr8beSEkeUB72rwVu11VKbd8kS&amp;_nc_oc=AQnhvXvYH0nYxIjeLjaTYD5e_QA41Xj3P-T4Q-KGneTA6co-KCxY--gyVO_3O5tWyZw&amp;_nc_ht=scontent.frsa4-1.fna&amp;oh=dc19ee08ef78881ce5e6b146cf89293d&amp;oe=5F0E0627\" alt=\"La imagen puede contener: cielo, \u00e1rbol, cancha de b\u00e1squet y exterior\" \/><\/p>\n<p>https:\/\/www.facebook.com\/watch\/?v=312551026429929<\/p>\n<\/div>\n<div class=\"oasis-despues-del-contenido\" id=\"oasis-2476265911\"><img loading=\"lazy\" decoding=\"async\" src=\"https:\/\/oasisfm935.com.ar\/site\/wp-content\/uploads\/2020\/08\/47806202-8741-49f2-a5c9-d2f930e5baa1.jpg\" alt=\"\"  srcset=\"https:\/\/oasisfm935.com.ar\/site\/wp-content\/uploads\/2020\/08\/47806202-8741-49f2-a5c9-d2f930e5baa1.jpg 1080w, https:\/\/oasisfm935.com.ar\/site\/wp-content\/uploads\/2020\/08\/47806202-8741-49f2-a5c9-d2f930e5baa1-300x300.jpg 300w, https:\/\/oasisfm935.com.ar\/site\/wp-content\/uploads\/2020\/08\/47806202-8741-49f2-a5c9-d2f930e5baa1-1024x1024.jpg 1024w, https:\/\/oasisfm935.com.ar\/site\/wp-content\/uploads\/2020\/08\/47806202-8741-49f2-a5c9-d2f930e5baa1-150x150.jpg 150w, https:\/\/oasisfm935.com.ar\/site\/wp-content\/uploads\/2020\/08\/47806202-8741-49f2-a5c9-d2f930e5baa1-768x768.jpg 768w\" sizes=\"(max-width: 1080px) 100vw, 1080px\" class=\"no-lazyload\" width=\"1080\" height=\"1080\"  style=\"display: inline-block;\" \/><\/div>","protected":false},"excerpt":{"rendered":"<p>Esta ma\u00f1ana se realiz\u00f3 el izamiento simult\u00e1neo de nuestra bandera Argentina en la Plaza Central y en el Parque del Pasaje Mart\u00edn<\/p>\n","protected":false},"author":4,"featured_media":5191,"comment_status":"closed","ping_status":"open","sticky":false,"template":"","format":"standard","meta":{"colormag_page_layout":"default_layout","footnotes":""},"categories":[2],"tags":[],"class_list":["post-5190","post","type-post","status-publish","format-standard","has-post-thumbnail","hentry","category-noticias"],"_links":{"self":[{"href":"https:\/\/oasisfm935.com.ar\/site\/wp-json\/wp\/v2\/posts\/5190","targetHints":{"allow":["GET"]}}],"collection":[{"href":"https:\/\/oasisfm935.com.ar\/site\/wp-json\/wp\/v2\/posts"}],"about":[{"href":"https:\/\/oasisfm935.com.ar\/site\/wp-json\/wp\/v2\/types\/post"}],"author":[{"embeddable":true,"href":"https:\/\/oasisfm935.com.ar\/site\/wp-json\/wp\/v2\/users\/4"}],"replies":[{"embeddable":true,"href":"https:\/\/oasisfm935.com.ar\/site\/wp-json\/wp\/v2\/comments?post=5190"}],"version-history":[{"count":1,"href":"https:\/\/oasisfm935.com.ar\/site\/wp-json\/wp\/v2\/posts\/5190\/revisions"}],"predecessor-version":[{"id":5192,"href":"https:\/\/oasisfm935.com.ar\/site\/wp-json\/wp\/v2\/posts\/5190\/revisions\/5192"}],"wp:featuredmedia":[{"embeddable":true,"href":"https:\/\/oasisfm935.com.ar\/site\/wp-json\/wp\/v2\/media\/5191"}],"wp:attachment":[{"href":"https:\/\/oasisfm935.com.ar\/site\/wp-json\/wp\/v2\/media?parent=5190"}],"wp:term":[{"taxonomy":"category","embeddable":true,"href":"https:\/\/oasisfm935.com.ar\/site\/wp-json\/wp\/v2\/categories?post=5190"},{"taxonomy":"post_tag","embeddable":true,"href":"https:\/\/oasisfm935.com.ar\/site\/wp-json\/wp\/v2\/tags?post=5190"}],"curies":[{"name":"wp","href":"https:\/\/api.w.org\/{rel}","templated":true}]}}