{"id":5193,"date":"2020-06-17T12:23:11","date_gmt":"2020-06-17T15:23:11","guid":{"rendered":"http:\/\/oasisfm935.com\/site\/?p=5193"},"modified":"2020-06-17T12:26:35","modified_gmt":"2020-06-17T15:26:35","slug":"iingeniero-luiggi-gracias-al-sistema-de-video-vigilancia-identificaron-al-autor-que-dano-de-una-farola-de-alumbrado-publico","status":"publish","type":"post","link":"https:\/\/oasisfm935.com.ar\/site\/iingeniero-luiggi-gracias-al-sistema-de-video-vigilancia-identificaron-al-autor-que-dano-de-una-farola-de-alumbrado-publico\/","title":{"rendered":"Ingeniero Luiggi: Gracias al sistema de v\u00eddeo vigilancia identificaron al autor que da\u00f1o de una farola de alumbrado p\u00fablico"},"content":{"rendered":"<p><strong>El d\u00eda domingo 07 de Junio\u00a0 en horas de la tarde, se produjo la rotura de una farola de alumbrado p\u00fablico, misma ubicada en la intersecci\u00f3n de Calle Rivadavia y Avenida San Mart\u00edn de este medio.<\/strong><\/p>\n<p><em> Dicha rotura se produjo por la colisi\u00f3n de una pick-up cuyo conductor al colisionar la misma no detuvo su marcha y se retiro del lugar. Habiendo tomado conocimiento esta Polic\u00eda se dio inicio a una investigaci\u00f3n para determinar el causante de dicho da\u00f1o.<\/em><\/p>\n<p>El Director de Servicios P\u00fablicos y Espacios Verdes de la Municipalidad de Ingeniero Luiggi formalizo la correspondiente denuncia en esta Dependencia Policial. Que acorde las averiguaciones efectuadas y los registros f\u00edlmicos del sistema de video vigilancia con que cuenta esta localidad, se pudo observar el momento preciso de la colisi\u00f3n y tambi\u00e9n como el sujeto se retiraba del lugar, sin ni siquiera descender de su rodado o dar aviso a la Dependencia Policial o Municipalidad.<\/p>\n<p><a href=\"http:\/\/oasisfm935.com\/site\/wp-content\/uploads\/2020\/06\/8f7a6309-9136-41f0-a123-778caeefdec2.jpg\"><img loading=\"lazy\" decoding=\"async\" class=\"alignnone size-full wp-image-5195\" src=\"http:\/\/oasisfm935.com\/site\/wp-content\/uploads\/2020\/06\/8f7a6309-9136-41f0-a123-778caeefdec2.jpg\" alt=\"\" width=\"1032\" height=\"581\" srcset=\"https:\/\/oasisfm935.com.ar\/site\/wp-content\/uploads\/2020\/06\/8f7a6309-9136-41f0-a123-778caeefdec2.jpg 1032w, https:\/\/oasisfm935.com.ar\/site\/wp-content\/uploads\/2020\/06\/8f7a6309-9136-41f0-a123-778caeefdec2-300x169.jpg 300w, https:\/\/oasisfm935.com.ar\/site\/wp-content\/uploads\/2020\/06\/8f7a6309-9136-41f0-a123-778caeefdec2-1024x576.jpg 1024w, https:\/\/oasisfm935.com.ar\/site\/wp-content\/uploads\/2020\/06\/8f7a6309-9136-41f0-a123-778caeefdec2-768x432.jpg 768w\" sizes=\"auto, (max-width: 1032px) 100vw, 1032px\" \/><\/a><\/p>\n<p>&nbsp;<\/p>\n<p><em>Este rodado pudo ser apreciado en varias de las c\u00e1maras de la localidad y el recorrido efectuado en este medio. Tambi\u00e9n se desarrollo una tarea en conjunto con el personal policial de la Sub-Comisar\u00eda de Embajador Martini, quien tambi\u00e9n pudo hallar en las grabaciones del sistema de video vigilancia de esa localidad unos instantes antes del incidente en este medio, como la misma pick-up FORD F100 hab\u00eda estado en dicha localidad y sal\u00eda luego por uno de sus accesos. <\/em><\/p>\n<p>Posteriormente se logro establecer que el tenedor de esa pick-up es un masculino mayor de edad, que actualmente se halla residiendo en la vecina localidad de Caleuf\u00fa y con familiares en Embajador Martini.<\/p>\n<p><strong>El mencionado sujeto a trav\u00e9s del personal policial de la Comisar\u00eda Departamental de Caleuf\u00fa fue notificado a disposici\u00f3n de la Fiscal\u00eda de Delitos contra la Propiedad a cargo de la Dra. Mar\u00eda Ver\u00f3nica CAMPO, de la ciudad de General Pico, en actuaciones judiciales caratuladas S\/DA\u00d1O, y ante quien tendr\u00e1 que responder por el da\u00f1o causado.-<\/strong><\/p>\n<div class=\"oasis-despues-del-contenido\" id=\"oasis-2208971796\"><img loading=\"lazy\" decoding=\"async\" src=\"https:\/\/oasisfm935.com.ar\/site\/wp-content\/uploads\/2020\/08\/47806202-8741-49f2-a5c9-d2f930e5baa1.jpg\" alt=\"\"  srcset=\"https:\/\/oasisfm935.com.ar\/site\/wp-content\/uploads\/2020\/08\/47806202-8741-49f2-a5c9-d2f930e5baa1.jpg 1080w, https:\/\/oasisfm935.com.ar\/site\/wp-content\/uploads\/2020\/08\/47806202-8741-49f2-a5c9-d2f930e5baa1-300x300.jpg 300w, https:\/\/oasisfm935.com.ar\/site\/wp-content\/uploads\/2020\/08\/47806202-8741-49f2-a5c9-d2f930e5baa1-1024x1024.jpg 1024w, https:\/\/oasisfm935.com.ar\/site\/wp-content\/uploads\/2020\/08\/47806202-8741-49f2-a5c9-d2f930e5baa1-150x150.jpg 150w, https:\/\/oasisfm935.com.ar\/site\/wp-content\/uploads\/2020\/08\/47806202-8741-49f2-a5c9-d2f930e5baa1-768x768.jpg 768w\" sizes=\"(max-width: 1080px) 100vw, 1080px\" class=\"no-lazyload\" width=\"1080\" height=\"1080\"  style=\"display: inline-block;\" \/><\/div>","protected":false},"excerpt":{"rendered":"<p>El d\u00eda domingo 07 de Junio\u00a0 en horas de la tarde, se produjo la rotura de una farola de alumbrado p\u00fablico, misma<\/p>\n","protected":false},"author":4,"featured_media":5194,"comment_status":"closed","ping_status":"open","sticky":false,"template":"","format":"standard","meta":{"colormag_page_layout":"default_layout","footnotes":""},"categories":[2],"tags":[],"class_list":["post-5193","post","type-post","status-publish","format-standard","has-post-thumbnail","hentry","category-noticias"],"_links":{"self":[{"href":"https:\/\/oasisfm935.com.ar\/site\/wp-json\/wp\/v2\/posts\/5193","targetHints":{"allow":["GET"]}}],"collection":[{"href":"https:\/\/oasisfm935.com.ar\/site\/wp-json\/wp\/v2\/posts"}],"about":[{"href":"https:\/\/oasisfm935.com.ar\/site\/wp-json\/wp\/v2\/types\/post"}],"author":[{"embeddable":true,"href":"https:\/\/oasisfm935.com.ar\/site\/wp-json\/wp\/v2\/users\/4"}],"replies":[{"embeddable":true,"href":"https:\/\/oasisfm935.com.ar\/site\/wp-json\/wp\/v2\/comments?post=5193"}],"version-history":[{"count":4,"href":"https:\/\/oasisfm935.com.ar\/site\/wp-json\/wp\/v2\/posts\/5193\/revisions"}],"predecessor-version":[{"id":5199,"href":"https:\/\/oasisfm935.com.ar\/site\/wp-json\/wp\/v2\/posts\/5193\/revisions\/5199"}],"wp:featuredmedia":[{"embeddable":true,"href":"https:\/\/oasisfm935.com.ar\/site\/wp-json\/wp\/v2\/media\/5194"}],"wp:attachment":[{"href":"https:\/\/oasisfm935.com.ar\/site\/wp-json\/wp\/v2\/media?parent=5193"}],"wp:term":[{"taxonomy":"category","embeddable":true,"href":"https:\/\/oasisfm935.com.ar\/site\/wp-json\/wp\/v2\/categories?post=5193"},{"taxonomy":"post_tag","embeddable":true,"href":"https:\/\/oasisfm935.com.ar\/site\/wp-json\/wp\/v2\/tags?post=5193"}],"curies":[{"name":"wp","href":"https:\/\/api.w.org\/{rel}","templated":true}]}}