{"id":5201,"date":"2020-06-17T18:53:19","date_gmt":"2020-06-17T21:53:19","guid":{"rendered":"http:\/\/oasisfm935.com\/site\/?p=5201"},"modified":"2020-06-17T18:53:19","modified_gmt":"2020-06-17T21:53:19","slug":"ingeniero-luiggi-se-van-a-permitir-visitas-familiares-en-las-residencias-geriatricas-cada-15-dias","status":"publish","type":"post","link":"https:\/\/oasisfm935.com.ar\/site\/ingeniero-luiggi-se-van-a-permitir-visitas-familiares-en-las-residencias-geriatricas-cada-15-dias\/","title":{"rendered":"Ingeniero Luiggi: Se van a permitir visitas familiares en las residencias geri\u00e1tricas cada 15 d\u00edas."},"content":{"rendered":"<p><strong>En comunicaci\u00f3n con Fm oasis Joel Abratte responsable de la Secretar\u00eda de Desarrollo Social y Derechos Humanos del Gobierno de Ingeniero Luiggi y la Intendenta Patricia Lavin\u00a0 mantuvieron una reuni\u00f3n con referentes de las Residencias Geri\u00e1tricas locales, para acordar criterios dentro de las nuevas normativas de las visitas de familiares a los Adultos Mayores alojados en las mismas.<\/strong><\/p>\n<p><em>El objetivo de la misma fue poder hacer lectura del protocolo enviado por Provincia en cuanto a las visitas familiares y a partir de ello poder generar acuerdos, puntos a discutir y dem\u00e1s para estables a partir del d\u00eda viernes de esta semana las visitas familiares en Ingeniero Luiggi.<\/em><\/p>\n<blockquote><p>Joel aclara es que las visitas a familiares a nuestras residencias geri\u00e1tricas se van hacer cada 15 d\u00edas, el primer fin semana seria este del d\u00eda del padre y se van a repetir de ac\u00e1 a 15 d\u00edas.<\/p>\n<p>&nbsp;<\/p>\n<p><img decoding=\"async\" src=\"https:\/\/scontent.frsa4-1.fna.fbcdn.net\/v\/t1.0-9\/104859112_3120804364669708_1123416650824059945_o.jpg?_nc_cat=100&amp;_nc_sid=8024bb&amp;_nc_eui2=AeGy-ULacIYl84b4DczWcTODRKOb9rQOV9xEo5v2tA5X3NfjrxZrjQGQ1TmI00gQfKQzeVtOsGW5sz3QmAcQC9BZ&amp;_nc_oc=AQma9wG8KvbdPDFPDslbr_BqFWMbbaLqdF9J6HJp1OZXEagpek7Rf-nQQajnXFjYq90&amp;_nc_ht=scontent.frsa4-1.fna&amp;oh=1c7f7da3558d04095b4c4f52678134cf&amp;oe=5F11561D\" alt=\"La imagen puede contener: 2 personas, personas sentadas, tabla e interior\" \/><\/p>\n<p>&nbsp;<\/p><\/blockquote>\n<p><strong>Le pedimos a los familiares que mantengan el distanciamiento con los adultos mayores internos, si bien sabemos que no es f\u00e1cil, que es complejo, que deseamos abrazarlos, tocarlos y dem\u00e1s, todav\u00eda seguimos en la etapa distanciamiento social y debemos cuidar a nuestros adultos mayor y los adultos mayores internos en las residencias<\/strong>.<\/p>\n<p>Abratte nos manifest\u00f3 que es para ello que vamos a mantener el uso del\u00a0 tapa boca en forma permanente, las visitas se tienen que hacer con turnos previos solicitados a los due\u00f1os de las residencias y a partir de ah\u00ed se generaran espacios de 30 minutos donde se deber\u00e1n acatar ciertas cuestiones que tiene que ver con higenisarse, el uso de a la col en gel y respetar distintas pautas que tienen que llevarse a cabo dentro del protocolo.<\/p>\n<p><strong>Quiero agradecer a las propietarias y a la directora t\u00e9cnica por poder acordar, por poder pensar y garantizar los derechos y cuidados de nuestros adultos mayores, es un trabajo largo, sabemos que las familias de nuestro pueblo manifiestan su necesidad de estar con nuestros adultos mayores, pero vuelvo a repetir que debemos seguir por el camino de cuidarlos y cuidarlos es seguir respetando el protocolo y las l\u00edneas que ofrecemos para poder tener por ahora y en principio esta visita familiares. Cerr\u00f3 Joel Abratte\u00a0 \u00a0 \u00a0<\/strong><\/p>\n<div class=\"oasis-despues-del-contenido\" id=\"oasis-1394894401\"><img loading=\"lazy\" decoding=\"async\" src=\"https:\/\/oasisfm935.com.ar\/site\/wp-content\/uploads\/2020\/08\/47806202-8741-49f2-a5c9-d2f930e5baa1.jpg\" alt=\"\"  srcset=\"https:\/\/oasisfm935.com.ar\/site\/wp-content\/uploads\/2020\/08\/47806202-8741-49f2-a5c9-d2f930e5baa1.jpg 1080w, https:\/\/oasisfm935.com.ar\/site\/wp-content\/uploads\/2020\/08\/47806202-8741-49f2-a5c9-d2f930e5baa1-300x300.jpg 300w, https:\/\/oasisfm935.com.ar\/site\/wp-content\/uploads\/2020\/08\/47806202-8741-49f2-a5c9-d2f930e5baa1-1024x1024.jpg 1024w, https:\/\/oasisfm935.com.ar\/site\/wp-content\/uploads\/2020\/08\/47806202-8741-49f2-a5c9-d2f930e5baa1-150x150.jpg 150w, https:\/\/oasisfm935.com.ar\/site\/wp-content\/uploads\/2020\/08\/47806202-8741-49f2-a5c9-d2f930e5baa1-768x768.jpg 768w\" sizes=\"(max-width: 1080px) 100vw, 1080px\" class=\"no-lazyload\" width=\"1080\" height=\"1080\"  style=\"display: inline-block;\" \/><\/div>","protected":false},"excerpt":{"rendered":"<p>En comunicaci\u00f3n con Fm oasis Joel Abratte responsable de la Secretar\u00eda de Desarrollo Social y Derechos Humanos del Gobierno de Ingeniero Luiggi<\/p>\n","protected":false},"author":4,"featured_media":5202,"comment_status":"closed","ping_status":"open","sticky":false,"template":"","format":"standard","meta":{"colormag_page_layout":"default_layout","footnotes":""},"categories":[2],"tags":[],"class_list":["post-5201","post","type-post","status-publish","format-standard","has-post-thumbnail","hentry","category-noticias"],"_links":{"self":[{"href":"https:\/\/oasisfm935.com.ar\/site\/wp-json\/wp\/v2\/posts\/5201","targetHints":{"allow":["GET"]}}],"collection":[{"href":"https:\/\/oasisfm935.com.ar\/site\/wp-json\/wp\/v2\/posts"}],"about":[{"href":"https:\/\/oasisfm935.com.ar\/site\/wp-json\/wp\/v2\/types\/post"}],"author":[{"embeddable":true,"href":"https:\/\/oasisfm935.com.ar\/site\/wp-json\/wp\/v2\/users\/4"}],"replies":[{"embeddable":true,"href":"https:\/\/oasisfm935.com.ar\/site\/wp-json\/wp\/v2\/comments?post=5201"}],"version-history":[{"count":1,"href":"https:\/\/oasisfm935.com.ar\/site\/wp-json\/wp\/v2\/posts\/5201\/revisions"}],"predecessor-version":[{"id":5203,"href":"https:\/\/oasisfm935.com.ar\/site\/wp-json\/wp\/v2\/posts\/5201\/revisions\/5203"}],"wp:featuredmedia":[{"embeddable":true,"href":"https:\/\/oasisfm935.com.ar\/site\/wp-json\/wp\/v2\/media\/5202"}],"wp:attachment":[{"href":"https:\/\/oasisfm935.com.ar\/site\/wp-json\/wp\/v2\/media?parent=5201"}],"wp:term":[{"taxonomy":"category","embeddable":true,"href":"https:\/\/oasisfm935.com.ar\/site\/wp-json\/wp\/v2\/categories?post=5201"},{"taxonomy":"post_tag","embeddable":true,"href":"https:\/\/oasisfm935.com.ar\/site\/wp-json\/wp\/v2\/tags?post=5201"}],"curies":[{"name":"wp","href":"https:\/\/api.w.org\/{rel}","templated":true}]}}