{"id":5212,"date":"2020-06-19T08:17:03","date_gmt":"2020-06-19T11:17:03","guid":{"rendered":"http:\/\/oasisfm935.com\/site\/?p=5212"},"modified":"2020-06-19T08:17:03","modified_gmt":"2020-06-19T11:17:03","slug":"este-sabado-los-chicos-y-chicas-pampeanos-haran-desde-sus-casas-la-promesa-a-la-bandera","status":"publish","type":"post","link":"https:\/\/oasisfm935.com.ar\/site\/este-sabado-los-chicos-y-chicas-pampeanos-haran-desde-sus-casas-la-promesa-a-la-bandera\/","title":{"rendered":"Este s\u00e1bado, los chicos y chicas pampeanos har\u00e1n desde sus casas la promesa a la Bandera"},"content":{"rendered":"<p>Los alumnos y alumnas de\u00a0<strong>cuarto grado de La Pampa<\/strong>, como en la mayor\u00eda del pa\u00eds, tendr\u00e1n que\u00a0<strong>hacer la promesa a la Bandera desde sus casas, en forma virtual<\/strong>.<\/p>\n<p>El Gobierno provincial comunic\u00f3 que el acto de Promesa a la Bandera Argentina ser\u00e1 transmitido en vivo este s\u00e1bado, desde las 11 horas, por la Televisi\u00f3n P\u00fablica Pampeana (Canal 3), Radio Nacional Santa Rosa, y redes sociales oficiales del Gobierno.<\/p>\n<p>El 20 de junio se conmemora el D\u00eda de la Bandera Argentina y el Paso a la Inmortalidad del General Manuel Belgrano. En tiempos de distanciamiento social, se invit\u00f3 a acompa\u00f1ar la transmisi\u00f3n desde sus casas y compartir fotos y\/o videos alusivos a la fecha.<\/p>\n<p>En nuestro pa\u00eds, es una tradici\u00f3n que los chicos que se encuentran cursando su 4\u00b0 grado de la escuela primara realicen su Promesa de Lealtad a la bandera. A diferencia de lo que sucede con los militares que juran, los civiles realizan una promesa en defender los valores que la bandera simboliza: Libertad, Igualdad y Solidaridad.<\/p>\n<p>Texutal<\/p>\n<div class=\"oasis-despues-del-contenido\" id=\"oasis-309858029\"><img loading=\"lazy\" decoding=\"async\" src=\"https:\/\/oasisfm935.com.ar\/site\/wp-content\/uploads\/2020\/08\/47806202-8741-49f2-a5c9-d2f930e5baa1.jpg\" alt=\"\"  srcset=\"https:\/\/oasisfm935.com.ar\/site\/wp-content\/uploads\/2020\/08\/47806202-8741-49f2-a5c9-d2f930e5baa1.jpg 1080w, https:\/\/oasisfm935.com.ar\/site\/wp-content\/uploads\/2020\/08\/47806202-8741-49f2-a5c9-d2f930e5baa1-300x300.jpg 300w, https:\/\/oasisfm935.com.ar\/site\/wp-content\/uploads\/2020\/08\/47806202-8741-49f2-a5c9-d2f930e5baa1-1024x1024.jpg 1024w, https:\/\/oasisfm935.com.ar\/site\/wp-content\/uploads\/2020\/08\/47806202-8741-49f2-a5c9-d2f930e5baa1-150x150.jpg 150w, https:\/\/oasisfm935.com.ar\/site\/wp-content\/uploads\/2020\/08\/47806202-8741-49f2-a5c9-d2f930e5baa1-768x768.jpg 768w\" sizes=\"(max-width: 1080px) 100vw, 1080px\" class=\"no-lazyload\" width=\"1080\" height=\"1080\"  style=\"display: inline-block;\" \/><\/div>","protected":false},"excerpt":{"rendered":"<p>Los alumnos y alumnas de\u00a0cuarto grado de La Pampa, como en la mayor\u00eda del pa\u00eds, tendr\u00e1n que\u00a0hacer la promesa a la Bandera<\/p>\n","protected":false},"author":4,"featured_media":5213,"comment_status":"closed","ping_status":"open","sticky":false,"template":"","format":"standard","meta":{"colormag_page_layout":"default_layout","footnotes":""},"categories":[2],"tags":[],"class_list":["post-5212","post","type-post","status-publish","format-standard","has-post-thumbnail","hentry","category-noticias"],"_links":{"self":[{"href":"https:\/\/oasisfm935.com.ar\/site\/wp-json\/wp\/v2\/posts\/5212","targetHints":{"allow":["GET"]}}],"collection":[{"href":"https:\/\/oasisfm935.com.ar\/site\/wp-json\/wp\/v2\/posts"}],"about":[{"href":"https:\/\/oasisfm935.com.ar\/site\/wp-json\/wp\/v2\/types\/post"}],"author":[{"embeddable":true,"href":"https:\/\/oasisfm935.com.ar\/site\/wp-json\/wp\/v2\/users\/4"}],"replies":[{"embeddable":true,"href":"https:\/\/oasisfm935.com.ar\/site\/wp-json\/wp\/v2\/comments?post=5212"}],"version-history":[{"count":1,"href":"https:\/\/oasisfm935.com.ar\/site\/wp-json\/wp\/v2\/posts\/5212\/revisions"}],"predecessor-version":[{"id":5214,"href":"https:\/\/oasisfm935.com.ar\/site\/wp-json\/wp\/v2\/posts\/5212\/revisions\/5214"}],"wp:featuredmedia":[{"embeddable":true,"href":"https:\/\/oasisfm935.com.ar\/site\/wp-json\/wp\/v2\/media\/5213"}],"wp:attachment":[{"href":"https:\/\/oasisfm935.com.ar\/site\/wp-json\/wp\/v2\/media?parent=5212"}],"wp:term":[{"taxonomy":"category","embeddable":true,"href":"https:\/\/oasisfm935.com.ar\/site\/wp-json\/wp\/v2\/categories?post=5212"},{"taxonomy":"post_tag","embeddable":true,"href":"https:\/\/oasisfm935.com.ar\/site\/wp-json\/wp\/v2\/tags?post=5212"}],"curies":[{"name":"wp","href":"https:\/\/api.w.org\/{rel}","templated":true}]}}