{"id":5216,"date":"2020-06-19T19:10:02","date_gmt":"2020-06-19T22:10:02","guid":{"rendered":"http:\/\/oasisfm935.com\/site\/?p=5216"},"modified":"2020-06-19T19:10:02","modified_gmt":"2020-06-19T22:10:02","slug":"ahora-obligan-a-los-camioneros-que-vuelvan-a-la-pampa-a-permanecer-aislados","status":"publish","type":"post","link":"https:\/\/oasisfm935.com.ar\/site\/ahora-obligan-a-los-camioneros-que-vuelvan-a-la-pampa-a-permanecer-aislados\/","title":{"rendered":"Ahora obligan a los camioneros que vuelvan a La Pampa a permanecer aislados"},"content":{"rendered":"<p>&nbsp;<\/p>\n<p>El Gobierno pampeano endureci\u00f3 las medidas luego de que el fin de semana detectara un camionero con Covid-19 en Realic\u00f3 y desde este viernes puso en marcha\u00a0<a href=\"https:\/\/www.lapampa.gob.ar\/images\/Archivos\/BoletinOficial\/2020\/Sep3419.pdf\" target=\"_blank\" rel=\"noopener noreferrer\"><strong>un protocolo espec\u00edfico para transportistas<\/strong><\/a>. Establece, entre otras condiciones, que \u201cel transportista<strong>\u00a0tendr\u00e1 que someterse obligatoriamente a todos los controles sanitarios y epidemiol\u00f3gicos, estudios y an\u00e1lisis\u00bb<\/strong>\u00a0que decida efectuar el Ministerio de Salud y\u00a0<strong>la obligaci\u00f3n de permanecer aislado cuando regrese de un viaje desde otra provincia. Puede ser su casa, pero no podr\u00e1 salir hasta que vuelva a viajar.<br \/>\n<\/strong><\/p>\n<p>Este protocolo se instrument\u00f3 a trav\u00e9s del Decreto 1300\/2020, que se public\u00f3 hoy en el<a href=\"https:\/\/www.lapampa.gob.ar\/images\/Archivos\/BoletinOficial\/2020\/Sep3419.pdf\" target=\"_blank\" rel=\"noopener noreferrer\"><strong>\u00a0Bolet\u00edn Oficial<\/strong><\/a>. Se suma a los distintos instrumentos de funcionamiento y prevenci\u00f3n que ha dispuesto el Gobierno Provincial para combatir la pandemia de coronavirus.<\/p>\n<div class=\"g g-2\">\n<div class=\"g-single a-8\"><\/div>\n<\/div>\n<p>\u00abEn el caso espec\u00edfico de los transportistas, se han adoptado medidas singulares, en virtud de tratarse de una actividad esencial que en algunos casos obliga a trasladarse a provincias donde hay circulaci\u00f3n local del virus\u00bb, inform\u00f3 el Gobierno.<\/p>\n<p>Adem\u00e1s de establecer la obligatoriedad de realizarse los controles sanitarios y epidemiol\u00f3gicos que las autoridades sanitarias consideren necesarias, el protocolo se\u00f1ala que los transportistas<strong>\u00a0\u201cdeber\u00e1n asistir a toda capacitaci\u00f3n y\/o charla concerniente a las medidas de funcionamiento, sanitarias y epidemiol\u00f3gicas y otras cuestiones relacionadas con el COVID 19\u201d.<\/strong><\/p>\n<p>El protocolo indica que los transportistas con domicilio en la Provincia que provengan de otras jurisdicciones, previo a su ingreso tendr\u00e1n que \u201cdeterminar e informar a la autoridad de aplicaci\u00f3n la fecha en que ingresar\u00e1n y el lugar de residencia y\/o d\u00f3nde se alojar\u00e1n\u201d.<\/p>\n<p>Adem\u00e1s,<strong>\u00a0dispone un r\u00e9gimen especial de aislamiento obligatorio que deber\u00e1n cumplir cada vez que ingresen a la provincia, hasta tanto deban volver a trasladarse fuera de los l\u00edmites de La Pampa.<\/strong>\u00a0\u201cEn el lugar de residencia u otro en el que se alojen deber\u00e1n permanecer aislados obligatoriamente (cfr. Decreto de Necesidad y Urgencia N\u00b0 260\/20) cada vez que retornen de un viaje desde otra Provincia y hasta tanto deban cumplir con un nuevo servicio, lo cual tambi\u00e9n deber\u00e1 ser informado\u201d, indica el decreto.<\/p>\n<p>Estos son los principales puntos del aislamiento que deber\u00e1n cumplir cuando vuelvan de un viaje en otra provincia (que se descuenta ser\u00e1 la excepci\u00f3n San Luis, donde se firm\u00f3 recientemente un acuerdo por el que hay libre tr\u00e1nsito desde este fin de semana).<\/p>\n<p><em>Los transportistas con domicilio en la Provincia que provengan de otras jurisdicciones previo a su ingreso tendr\u00e1n que:<\/em><\/p>\n<p><em>a) Determinare informar a la autoridad de aplicaci\u00f3n la fecha en que ingresar\u00e1n y el lugar de residenciay\/o donde se alojar\u00e1n.<\/em><\/p>\n<p><em>b) En el lugar\u00a0 de\u00a0 residencia\u00a0 u\u00a0 otro\u00a0 en el que\u00a0 se\u00a0 alojen deber\u00e1n permanecer\u00a0 aislados\u00a0 obligatoriamente\u00a0 (cfr. Decreto de Necesidad y Urgencia N\u00b0 260\/20) cada vez que retornen de un viaje desde otra Provincia y hasta tanto deban cumplir con un nuevo servicio, lo cual tambi\u00e9n deber\u00e1 ser informado.<\/em><\/p>\n<p><em>c) Si el transportista decidiese establecerse en forma \u00a0permanente en el\u00a0 lugar de residencia u\u00a0 otro en\u00a0 el\u00a0 que\u00a0 se\u00a0 aloje, deber\u00e1 informar\u00a0 tal\u00a0 situaci\u00f3n\u00a0 a\u00a0 la\u00a0 autoridad\u00a0 de\u00a0 aplicaci\u00f3n\u00a0 y cumplir\u00a0 con\u00a0 el\u00a0 aislamiento\u00a0 obligatorio (cfr. Decreto\u00a0 de Necesidad y Urgencia N\u00b0 260\/20) durante el plazo de catorce (14)d\u00edas.<\/em><\/p>\n<p><em>d) Ante la aparici\u00f3n de\u00a0 alg\u00fan\u00a0 s\u00edntoma\u00a0 como\u00a0 fiebre,\u00a0 tos,\u00a0 dolor\u00a0 de\u00a0 garganta,\u00a0 dificultad\u00a0 respiratoria,\u00a0 p\u00e9rdida\u00a0 del\u00a0 olfato, alteraci\u00f3n\u00a0 del\u00a0 gusto u\u00a0 otro\u00a0 compatible\u00a0 con\u00a0 el\u00a0 COVID\u00a0 19 el\u00a0 transportista tendr\u00e1\u00a0 que dar\u00a0 aviso\u00a0 inmediato\u00a0 a\u00a0 las Autoridades Sanitarias correspondientes y cumplir\u00a0 con\u00a0 los\u00a0 protocolos epidemiol\u00f3gicos que\u00a0 defina\u00a0 y establezca\u00a0 para\u00a0 el caso la Autoridad Sanitaria Provincial. En ning\u00fan caso deber\u00e1 automedicarse.<\/em><\/p>\n<p><em>e) Durante el aislamiento obligatorio el transportista que conviva con otra persona debe mantener una distancia social m\u00ednima de dos (2) metros y no debe compartir ning\u00fan utensilio ni el mate, etc.<\/em><\/p>\n<p><em>f) El transportista deber\u00e1 evitar cumplir el aislamiento obligatorio con personas que tengan factores de riesgo (mayores de 60 a\u00f1os o enfermedades cr\u00f3nicas).<\/em><\/p>\n<p><em>g) El aislamiento obligatorio implica, adem\u00e1s, no salir del lugar (salvo cuestiones graves de salud), no concurrir a ning\u00fan comercio, evento, ni recibir visitas.<\/em><\/p>\n<p>&nbsp;<\/p>\n<div class=\"oasis-despues-del-contenido\" id=\"oasis-2138869038\"><img loading=\"lazy\" decoding=\"async\" src=\"https:\/\/oasisfm935.com.ar\/site\/wp-content\/uploads\/2020\/08\/47806202-8741-49f2-a5c9-d2f930e5baa1.jpg\" alt=\"\"  srcset=\"https:\/\/oasisfm935.com.ar\/site\/wp-content\/uploads\/2020\/08\/47806202-8741-49f2-a5c9-d2f930e5baa1.jpg 1080w, https:\/\/oasisfm935.com.ar\/site\/wp-content\/uploads\/2020\/08\/47806202-8741-49f2-a5c9-d2f930e5baa1-300x300.jpg 300w, https:\/\/oasisfm935.com.ar\/site\/wp-content\/uploads\/2020\/08\/47806202-8741-49f2-a5c9-d2f930e5baa1-1024x1024.jpg 1024w, https:\/\/oasisfm935.com.ar\/site\/wp-content\/uploads\/2020\/08\/47806202-8741-49f2-a5c9-d2f930e5baa1-150x150.jpg 150w, https:\/\/oasisfm935.com.ar\/site\/wp-content\/uploads\/2020\/08\/47806202-8741-49f2-a5c9-d2f930e5baa1-768x768.jpg 768w\" sizes=\"(max-width: 1080px) 100vw, 1080px\" class=\"no-lazyload\" width=\"1080\" height=\"1080\"  style=\"display: inline-block;\" \/><\/div>","protected":false},"excerpt":{"rendered":"<p>&nbsp; El Gobierno pampeano endureci\u00f3 las medidas luego de que el fin de semana detectara un camionero con Covid-19 en Realic\u00f3 y<\/p>\n","protected":false},"author":4,"featured_media":5217,"comment_status":"closed","ping_status":"open","sticky":false,"template":"","format":"standard","meta":{"colormag_page_layout":"default_layout","footnotes":""},"categories":[2],"tags":[],"class_list":["post-5216","post","type-post","status-publish","format-standard","has-post-thumbnail","hentry","category-noticias"],"_links":{"self":[{"href":"https:\/\/oasisfm935.com.ar\/site\/wp-json\/wp\/v2\/posts\/5216","targetHints":{"allow":["GET"]}}],"collection":[{"href":"https:\/\/oasisfm935.com.ar\/site\/wp-json\/wp\/v2\/posts"}],"about":[{"href":"https:\/\/oasisfm935.com.ar\/site\/wp-json\/wp\/v2\/types\/post"}],"author":[{"embeddable":true,"href":"https:\/\/oasisfm935.com.ar\/site\/wp-json\/wp\/v2\/users\/4"}],"replies":[{"embeddable":true,"href":"https:\/\/oasisfm935.com.ar\/site\/wp-json\/wp\/v2\/comments?post=5216"}],"version-history":[{"count":1,"href":"https:\/\/oasisfm935.com.ar\/site\/wp-json\/wp\/v2\/posts\/5216\/revisions"}],"predecessor-version":[{"id":5218,"href":"https:\/\/oasisfm935.com.ar\/site\/wp-json\/wp\/v2\/posts\/5216\/revisions\/5218"}],"wp:featuredmedia":[{"embeddable":true,"href":"https:\/\/oasisfm935.com.ar\/site\/wp-json\/wp\/v2\/media\/5217"}],"wp:attachment":[{"href":"https:\/\/oasisfm935.com.ar\/site\/wp-json\/wp\/v2\/media?parent=5216"}],"wp:term":[{"taxonomy":"category","embeddable":true,"href":"https:\/\/oasisfm935.com.ar\/site\/wp-json\/wp\/v2\/categories?post=5216"},{"taxonomy":"post_tag","embeddable":true,"href":"https:\/\/oasisfm935.com.ar\/site\/wp-json\/wp\/v2\/tags?post=5216"}],"curies":[{"name":"wp","href":"https:\/\/api.w.org\/{rel}","templated":true}]}}