{"id":5219,"date":"2020-06-20T23:15:37","date_gmt":"2020-06-21T02:15:37","guid":{"rendered":"http:\/\/oasisfm935.com\/site\/?p=5219"},"modified":"2020-06-20T23:15:37","modified_gmt":"2020-06-21T02:15:37","slug":"covid-19-aislan-a-14-personas-por-contacto-con-caso-positivo-de-caba","status":"publish","type":"post","link":"https:\/\/oasisfm935.com.ar\/site\/covid-19-aislan-a-14-personas-por-contacto-con-caso-positivo-de-caba\/","title":{"rendered":"COVID-19: A\u00edslan a 14 personas por contacto con caso positivo de CABA."},"content":{"rendered":"<p>&nbsp;<\/p>\n<p>El Gobierno de la provincia de La Pampa informa que en el d\u00eda de hoy se accedi\u00f3 a la informaci\u00f3n que un chofer de una empresa de transporte de Santa Rosa hab\u00eda estado en contacto estrecho con un transportista en CABA que fue diagnosticado el d\u00eda 18 de junio como caso confirmado de COVID-19<br \/>\nEn un trabajo en conjunto entre el Ministerio de Seguridad y el Ministerio de Salud, despu\u00e9s de varias averiguaciones, se pudo constatar que el empleado de la empresa pampeana, hab\u00eda estado en contacto con 13 personas m\u00e1s de su entorno laboral, compartiendo una comida en las \u00faltimas horas de ayer.<br \/>\nUna vez confirmado que el transportista local hab\u00eda estado en contacto estrecho con el caso positivo de CABA, se activ\u00f3 el protocolo pertinente.<br \/>\nLa Direcci\u00f3n de Epidemiologia elabor\u00f3 un listado de todas las personas que hab\u00edan estado en contacto con el contacto estrecho del caso positivo.<br \/>\nEl contacto estrecho, a las 16:30 hs ingres\u00f3 a un dispositivo preparado por el estado provincial para tal fin. Se encuentra asintom\u00e1tico. Y quedara en total aislamiento por los pr\u00f3ximos 14 d\u00edas<br \/>\nLas otras 13 personas que tuvieron contacto con \u00e9l, inclusive los due\u00f1os de la empresa, est\u00e1n aislados. Alojados en un dispositivo diferente del que se encuentra el contacto estrecho. Todos ellos mantendr\u00e1n vigilancia y seguimiento por parte del equipo de epidemiologia y se evaluar\u00e1 la situaci\u00f3n de acuerdo a la evoluci\u00f3n del caso.<br \/>\nAnte esta situaci\u00f3n se di\u00f3 intervenci\u00f3n a la justicia provincial.<\/p>\n<p>&nbsp;<\/p>\n<div class=\"oasis-despues-del-contenido\" id=\"oasis-21274844\"><img loading=\"lazy\" decoding=\"async\" src=\"https:\/\/oasisfm935.com.ar\/site\/wp-content\/uploads\/2020\/08\/47806202-8741-49f2-a5c9-d2f930e5baa1.jpg\" alt=\"\"  srcset=\"https:\/\/oasisfm935.com.ar\/site\/wp-content\/uploads\/2020\/08\/47806202-8741-49f2-a5c9-d2f930e5baa1.jpg 1080w, https:\/\/oasisfm935.com.ar\/site\/wp-content\/uploads\/2020\/08\/47806202-8741-49f2-a5c9-d2f930e5baa1-300x300.jpg 300w, https:\/\/oasisfm935.com.ar\/site\/wp-content\/uploads\/2020\/08\/47806202-8741-49f2-a5c9-d2f930e5baa1-1024x1024.jpg 1024w, https:\/\/oasisfm935.com.ar\/site\/wp-content\/uploads\/2020\/08\/47806202-8741-49f2-a5c9-d2f930e5baa1-150x150.jpg 150w, https:\/\/oasisfm935.com.ar\/site\/wp-content\/uploads\/2020\/08\/47806202-8741-49f2-a5c9-d2f930e5baa1-768x768.jpg 768w\" sizes=\"(max-width: 1080px) 100vw, 1080px\" class=\"no-lazyload\" width=\"1080\" height=\"1080\"  style=\"display: inline-block;\" \/><\/div>","protected":false},"excerpt":{"rendered":"<p>&nbsp; El Gobierno de la provincia de La Pampa informa que en el d\u00eda de hoy se accedi\u00f3 a la informaci\u00f3n que<\/p>\n","protected":false},"author":4,"featured_media":5220,"comment_status":"closed","ping_status":"open","sticky":false,"template":"","format":"standard","meta":{"colormag_page_layout":"default_layout","footnotes":""},"categories":[2],"tags":[],"class_list":["post-5219","post","type-post","status-publish","format-standard","has-post-thumbnail","hentry","category-noticias"],"_links":{"self":[{"href":"https:\/\/oasisfm935.com.ar\/site\/wp-json\/wp\/v2\/posts\/5219","targetHints":{"allow":["GET"]}}],"collection":[{"href":"https:\/\/oasisfm935.com.ar\/site\/wp-json\/wp\/v2\/posts"}],"about":[{"href":"https:\/\/oasisfm935.com.ar\/site\/wp-json\/wp\/v2\/types\/post"}],"author":[{"embeddable":true,"href":"https:\/\/oasisfm935.com.ar\/site\/wp-json\/wp\/v2\/users\/4"}],"replies":[{"embeddable":true,"href":"https:\/\/oasisfm935.com.ar\/site\/wp-json\/wp\/v2\/comments?post=5219"}],"version-history":[{"count":1,"href":"https:\/\/oasisfm935.com.ar\/site\/wp-json\/wp\/v2\/posts\/5219\/revisions"}],"predecessor-version":[{"id":5221,"href":"https:\/\/oasisfm935.com.ar\/site\/wp-json\/wp\/v2\/posts\/5219\/revisions\/5221"}],"wp:featuredmedia":[{"embeddable":true,"href":"https:\/\/oasisfm935.com.ar\/site\/wp-json\/wp\/v2\/media\/5220"}],"wp:attachment":[{"href":"https:\/\/oasisfm935.com.ar\/site\/wp-json\/wp\/v2\/media?parent=5219"}],"wp:term":[{"taxonomy":"category","embeddable":true,"href":"https:\/\/oasisfm935.com.ar\/site\/wp-json\/wp\/v2\/categories?post=5219"},{"taxonomy":"post_tag","embeddable":true,"href":"https:\/\/oasisfm935.com.ar\/site\/wp-json\/wp\/v2\/tags?post=5219"}],"curies":[{"name":"wp","href":"https:\/\/api.w.org\/{rel}","templated":true}]}}