{"id":5230,"date":"2020-06-22T10:57:12","date_gmt":"2020-06-22T13:57:12","guid":{"rendered":"http:\/\/oasisfm935.com\/site\/?p=5230"},"modified":"2020-06-22T10:58:58","modified_gmt":"2020-06-22T13:58:58","slug":"ingeniero-luiggi-actos-por-el-dia-de-la-bandera-respetando-las-medidas-de-distanciamiento-social","status":"publish","type":"post","link":"https:\/\/oasisfm935.com.ar\/site\/ingeniero-luiggi-actos-por-el-dia-de-la-bandera-respetando-las-medidas-de-distanciamiento-social\/","title":{"rendered":"Ingeniero Luiggi: Acto por el d\u00eda de la bandera respetando las medidas de distanciamiento social."},"content":{"rendered":"<p><strong>En la ma\u00f1ana del d\u00eda S\u00e1bado respetando las medidas de distanciamiento social, se desarrollaron \u00a0los actos por el 200\u00ba aniversario del paso a la inmortalidad del general Manuel Belgrano.<\/strong><\/p>\n<p>En esta fecha conmemorativa, nuestra Intendenta,\u00a0<a class=\"profileLink\" href=\"https:\/\/www.facebook.com\/patrylavinok\/?__tn__=K-R&amp;eid=ARC3ohpJyUIK1-P3Nb-iInVjGgdw9R5m_PwmiK4WkUeCkYZxUVCR03dLo_edTK9b2zhpKAW7LBGLlnlv&amp;fref=mentions&amp;__xts__%5B0%5D=68.ARBnIs637hEg3isI6LXBeCerT2jmDsUMnscI7nV3l4naRp-TWfnMIcVDPT7YMUiKY9l3-vsbUV9UYNQgE4UGUrPTniDT4NDqo1rVYu0ccKsc7a-T2Y01lCAuhvbKVfkuAUpO59lRYh62AHatyfKUBVxkAyOed1-0K5e0JkQ-FRcrH76QvP_lijKe1yvaeRFlpm9fcTDIlRoJK2LVd_lHjfiWDSvkhdDlYufHLTD5nXpiBDpJ3Vdta9hsdql4Y_FlnGkpgftys__M8hocZbg1u6QsR2y6Lxw_kBokZ9wivKacWTBogeOYin85mLyRMxu-icYQ7fGyFbzxWRIbBrZ_psOu0TQo56A21ehUTA\" data-hovercard=\"\/ajax\/hovercard\/page.php?id=2030774070335806&amp;extragetparams=%7B%22__tn__%22%3A%22%2CdK-R-R%22%2C%22eid%22%3A%22ARC3ohpJyUIK1-P3Nb-iInVjGgdw9R5m_PwmiK4WkUeCkYZxUVCR03dLo_edTK9b2zhpKAW7LBGLlnlv%22%2C%22fref%22%3A%22mentions%22%7D\" data-hovercard-prefer-more-content-show=\"1\">Patry Lavin<\/a>, nos deja un mensaje para todos los vecinos luiggenses.<\/p>\n<p>https:\/\/www.facebook.com\/gobiernodeluiggi\/videos\/1442648659240997\/<\/p>\n<p>&nbsp;<\/p>\n<p>&nbsp;<\/p>\n<p>&nbsp;<\/p>\n<p>&nbsp;<\/p>\n<p>Los actos conmemorativos se realizaron en el Club Tte. Benjamin Matienzo, CDI Primeras Huellas, hospital Dr.Justo G.Ferrari, Bomberos Voluntarios y en la Comisar\u00eda Departamental, entre otros lugares e instituciones de la localidad.<\/p>\n<p><img decoding=\"async\" src=\"https:\/\/scontent.frsa4-1.fna.fbcdn.net\/v\/t1.0-9\/105484905_3240596535978648_3377559021277726799_o.jpg?_nc_cat=105&amp;_nc_sid=110474&amp;_nc_eui2=AeGqAdh3OM8pJEBD5Jf_0kdmSI4l6BBv-9VIjiXoEG_71fepertG3_BPDvdgtVheqQumHCr3ldXY19yEZh7NdywZ&amp;_nc_oc=AQmE9bpD3qUwjW0H8HSbfhf6Rk75m2S15MTQNpa5hMXKTJsU1ksHgCZ4H9CPn7WW9Yw&amp;_nc_ht=scontent.frsa4-1.fna&amp;oh=81d2d0bfc36a9a3e5ad2b520498af4b6&amp;oe=5F17A273\" alt=\"La imagen puede contener: una o varias personas, cielo, \u00e1rbol y exterior\" \/><\/p>\n<p><img decoding=\"async\" src=\"https:\/\/zonalnoticias.com\/wp-content\/uploads\/2020\/06\/dia-de-la-bandera-luiggi-1024x768.jpg\" \/><\/p>\n<p><img decoding=\"async\" src=\"https:\/\/zonalnoticias.com\/wp-content\/uploads\/2020\/06\/dia-de-la-bandera-luiggi-1-1-1024x683.jpg\" \/><\/p>\n<p><a href=\"http:\/\/oasisfm935.com\/site\/wp-content\/uploads\/2020\/06\/01dfdcd3-857c-41b6-aa6c-d813799af14b.jpg\"><img loading=\"lazy\" decoding=\"async\" class=\"alignnone size-full wp-image-5231\" src=\"http:\/\/oasisfm935.com\/site\/wp-content\/uploads\/2020\/06\/01dfdcd3-857c-41b6-aa6c-d813799af14b.jpg\" alt=\"\" width=\"1280\" height=\"960\" srcset=\"https:\/\/oasisfm935.com.ar\/site\/wp-content\/uploads\/2020\/06\/01dfdcd3-857c-41b6-aa6c-d813799af14b.jpg 1280w, https:\/\/oasisfm935.com.ar\/site\/wp-content\/uploads\/2020\/06\/01dfdcd3-857c-41b6-aa6c-d813799af14b-300x225.jpg 300w, https:\/\/oasisfm935.com.ar\/site\/wp-content\/uploads\/2020\/06\/01dfdcd3-857c-41b6-aa6c-d813799af14b-1024x768.jpg 1024w, https:\/\/oasisfm935.com.ar\/site\/wp-content\/uploads\/2020\/06\/01dfdcd3-857c-41b6-aa6c-d813799af14b-768x576.jpg 768w\" sizes=\"auto, (max-width: 1280px) 100vw, 1280px\" \/><\/a><\/p>\n<p><img decoding=\"async\" src=\"https:\/\/zonalnoticias.com\/wp-content\/uploads\/2020\/06\/dia-de-la-bandera-luiggi-bomberos-1024x768.jpg\" \/><\/p>\n<p>Los adultos mayores del Cumel\u00e9n local celebran este d\u00eda con producciones hechas por ellos.<\/p>\n<p><img decoding=\"async\" src=\"https:\/\/scontent.frsa4-1.fna.fbcdn.net\/v\/t1.0-9\/104529227_3129482883801856_4919029569991591928_n.jpg?_nc_cat=103&amp;_nc_sid=110474&amp;_nc_eui2=AeEa_1kwf5-hTS2rca94tKVcxnTgsv5ucxfGdOCy_m5zF4D_NyCUESFSMwLw72s00Ys_rBBmYwjdSE8-JDDKVizT&amp;_nc_oc=AQnx7sx6F2ecOjbXL-styQHBRABVvzPSeuz29wRJfrAXwzx6QmLiIBF9RpBvGH0yctE&amp;_nc_ht=scontent.frsa4-1.fna&amp;oh=2357010edca13c5c7aad3405d085880a&amp;oe=5F15733A\" alt=\"La imagen puede contener: 2 personas, personas de pie y texto\" \/><\/p>\n<div class=\"oasis-despues-del-contenido\" id=\"oasis-2882313126\"><img loading=\"lazy\" decoding=\"async\" src=\"https:\/\/oasisfm935.com.ar\/site\/wp-content\/uploads\/2020\/08\/47806202-8741-49f2-a5c9-d2f930e5baa1.jpg\" alt=\"\"  srcset=\"https:\/\/oasisfm935.com.ar\/site\/wp-content\/uploads\/2020\/08\/47806202-8741-49f2-a5c9-d2f930e5baa1.jpg 1080w, https:\/\/oasisfm935.com.ar\/site\/wp-content\/uploads\/2020\/08\/47806202-8741-49f2-a5c9-d2f930e5baa1-300x300.jpg 300w, https:\/\/oasisfm935.com.ar\/site\/wp-content\/uploads\/2020\/08\/47806202-8741-49f2-a5c9-d2f930e5baa1-1024x1024.jpg 1024w, https:\/\/oasisfm935.com.ar\/site\/wp-content\/uploads\/2020\/08\/47806202-8741-49f2-a5c9-d2f930e5baa1-150x150.jpg 150w, https:\/\/oasisfm935.com.ar\/site\/wp-content\/uploads\/2020\/08\/47806202-8741-49f2-a5c9-d2f930e5baa1-768x768.jpg 768w\" sizes=\"(max-width: 1080px) 100vw, 1080px\" class=\"no-lazyload\" width=\"1080\" height=\"1080\"  style=\"display: inline-block;\" \/><\/div>","protected":false},"excerpt":{"rendered":"<p>En la ma\u00f1ana del d\u00eda S\u00e1bado respetando las medidas de distanciamiento social, se desarrollaron \u00a0los actos por el 200\u00ba aniversario del paso<\/p>\n","protected":false},"author":4,"featured_media":5232,"comment_status":"closed","ping_status":"open","sticky":false,"template":"","format":"standard","meta":{"colormag_page_layout":"default_layout","footnotes":""},"categories":[2],"tags":[],"class_list":["post-5230","post","type-post","status-publish","format-standard","has-post-thumbnail","hentry","category-noticias"],"_links":{"self":[{"href":"https:\/\/oasisfm935.com.ar\/site\/wp-json\/wp\/v2\/posts\/5230","targetHints":{"allow":["GET"]}}],"collection":[{"href":"https:\/\/oasisfm935.com.ar\/site\/wp-json\/wp\/v2\/posts"}],"about":[{"href":"https:\/\/oasisfm935.com.ar\/site\/wp-json\/wp\/v2\/types\/post"}],"author":[{"embeddable":true,"href":"https:\/\/oasisfm935.com.ar\/site\/wp-json\/wp\/v2\/users\/4"}],"replies":[{"embeddable":true,"href":"https:\/\/oasisfm935.com.ar\/site\/wp-json\/wp\/v2\/comments?post=5230"}],"version-history":[{"count":2,"href":"https:\/\/oasisfm935.com.ar\/site\/wp-json\/wp\/v2\/posts\/5230\/revisions"}],"predecessor-version":[{"id":5234,"href":"https:\/\/oasisfm935.com.ar\/site\/wp-json\/wp\/v2\/posts\/5230\/revisions\/5234"}],"wp:featuredmedia":[{"embeddable":true,"href":"https:\/\/oasisfm935.com.ar\/site\/wp-json\/wp\/v2\/media\/5232"}],"wp:attachment":[{"href":"https:\/\/oasisfm935.com.ar\/site\/wp-json\/wp\/v2\/media?parent=5230"}],"wp:term":[{"taxonomy":"category","embeddable":true,"href":"https:\/\/oasisfm935.com.ar\/site\/wp-json\/wp\/v2\/categories?post=5230"},{"taxonomy":"post_tag","embeddable":true,"href":"https:\/\/oasisfm935.com.ar\/site\/wp-json\/wp\/v2\/tags?post=5230"}],"curies":[{"name":"wp","href":"https:\/\/api.w.org\/{rel}","templated":true}]}}