{"id":5244,"date":"2020-06-22T19:42:15","date_gmt":"2020-06-22T22:42:15","guid":{"rendered":"http:\/\/oasisfm935.com\/site\/?p=5244"},"modified":"2020-06-23T09:11:50","modified_gmt":"2020-06-23T12:11:50","slug":"el-diputado-oscar-zanoli-ojala-que-logremos-que-salga-una-ley-que-sea-aplicable-y-que-empecemos-a-disminuir-el-uso-de-agroquimicos","status":"publish","type":"post","link":"https:\/\/oasisfm935.com.ar\/site\/el-diputado-oscar-zanoli-ojala-que-logremos-que-salga-una-ley-que-sea-aplicable-y-que-empecemos-a-disminuir-el-uso-de-agroquimicos\/","title":{"rendered":"El Diputado Oscar Zanoli \u00bb Ojal\u00e1 que logremos que salga una ley que sea aplicable y que empecemos a disminuir el uso de agroqu\u00edmicos\u00bb."},"content":{"rendered":"<div><strong>En la ma\u00f1ana de hoy Fm Oasis dialogo con el Diputado Zanoli que nos comenta que: el d\u00eda viernes estuvimos reunidos con Patricia Lav\u00edn y el Intendente de Embajador Martini Ariel Bogino, que son los representantes de la microregi\u00f3n 1 y telef\u00f3nicamente me comunique con representes de la microregi\u00f3n 2,3, 6 y 7, porque estoy presidiendo el plenario de comisiones de el proyecto de Ley Plaguicidas y hay en algunos puntos donde se les delega mucha facultad y responsabilidad a los municipios.<\/strong><\/div>\n<div><\/div>\n<div><\/div>\n<div><\/div>\n<div><em>El d\u00eda mi\u00e9rcoles pasado tuvimos una reuni\u00f3n con los presidentes y vice presidentes de todas las microregiones, como es uno de los \u00faltimos plenarios que estamos haciendo donde pasaron 17 instituciones, desde el ejecutivo, entidades rurales, el colegio Ingeniero Agr\u00f3nomos, La Pampa Libre de Agro toxico, la universidad, SENASA, el INTA, Colectivos Sanitarios, distintas instituciones que las hemos escuchado a todas para tratar de hacer las mejoras de las leyes.<\/em><\/div>\n<div><\/div>\n<div><\/div>\n<blockquote>\n<div><span style=\"color: #1c1e21;font-family: Helvetica, Arial, sans-serif\">Hay muchos puntos que en estos plenarios, sirvieron para nosotros clarificar la idea que ten\u00edamos, gracias a Dios entre todos los bloques se est\u00e1 llevando adelante los plenarios con mucho respeto y escuchando a todos y ojal\u00e1 que logremos sacar una muy buena ley,<\/span><\/div>\n<\/blockquote>\n<div><\/div>\n<p><a href=\"http:\/\/oasisfm935.com\/site\/wp-content\/uploads\/2020\/06\/104730083_3126117704138374_7092292947391833949_n.png\"><img loading=\"lazy\" decoding=\"async\" class=\"alignnone size-full wp-image-5245\" src=\"http:\/\/oasisfm935.com\/site\/wp-content\/uploads\/2020\/06\/104730083_3126117704138374_7092292947391833949_n.png\" alt=\"\" width=\"933\" height=\"690\" srcset=\"https:\/\/oasisfm935.com.ar\/site\/wp-content\/uploads\/2020\/06\/104730083_3126117704138374_7092292947391833949_n.png 933w, https:\/\/oasisfm935.com.ar\/site\/wp-content\/uploads\/2020\/06\/104730083_3126117704138374_7092292947391833949_n-300x222.png 300w, https:\/\/oasisfm935.com.ar\/site\/wp-content\/uploads\/2020\/06\/104730083_3126117704138374_7092292947391833949_n-768x568.png 768w\" sizes=\"auto, (max-width: 933px) 100vw, 933px\" \/><\/a><\/p>\n<p>&nbsp;<\/p>\n<p>Entre los puntos que hemos acordado, es que se pueda revisar peri\u00f3dicamente cada 2 0 3 a\u00f1os por cualquier modificaci\u00f3n que all\u00e1 que hacerle a la Ley, pero bueno hay puntos como puede ser la trazabilidad que es la construcci\u00f3n de los los CAT (centros de acopios primarios y transitorios), donde los intendentes van a jugar un rol muy importante junto con registrantes, agronom\u00edas que venden estos productos y despu\u00e9s el tema de la distancia donde se les delega bastantes facultades a los intendentes.<\/p>\n<p>&nbsp;<\/p>\n<p>Hay experiencias muy buenas como en Riglos, donde se han creado los concejos ambientales y donde teniendo en cuenta las buenas pr\u00e1cticas y correctas pr\u00e1cticas agron\u00f3micas que dicen cu\u00e1ndo y en qu\u00e9 momento y con qu\u00e9 condiciones se puede llegar a realizar alguna aplicaci\u00f3n. As\u00ed que bueno, la idea es que todos est\u00e9n al tanto de la ley que vamos a sacar y no se encuentren el d\u00eda de ma\u00f1ana con que van a tener ciertas responsabilidades ya que es una ley de orden p\u00fablico. Los municipios no tienen que adherir tiene que aplicarla nomas.<\/p>\n<p>&nbsp;<\/p>\n<div><span style=\"color: #1c1e21;font-family: Helvetica, Arial, sans-serif\">El Diputado nos comenta: Uno viene acostumbrado al poder Ejecutivo, me dieron esta responsabilidad de presidir esta Comisi\u00f3n de Legislaci\u00f3n General, Cultura, Educaci\u00f3n y Asuntos Municipales, donde tengo mucho intercambio con el Ejecutivo porque entran muchos temas sobre todo lo que tienen que ver con lo general, Cultural, Educaci\u00f3n, con los Municipios;\u00a0 esto me tiene bastante ocupado,\u00a0 si cambiando con lo que uno estaba acostumbrado a hacer que era toda la parte m\u00e1s con lo de Ejecutar, ojal\u00e1 cuando terminemos estos 4 a\u00f1os logremos estar a la altura de lo que la gente realmente espera de uno.\u00a0<\/span><\/div>\n<div><\/div>\n<div><\/div>\n<p>Aparte de esto estamos con algunas iniciativas dentro del bloque y con algunos concejales trabajando con algunos proyectos de Agro ecolog\u00eda que tiene que ver tambi\u00e9n con alerta verde, que es un programa para\u00a0 denunciar los hechos delictivos que da\u00f1an el medio ambiente, hemos presentado un proyecto sobre Escalabilidad para el\u00a0 trasporte, no hemos parado a pesar de esta pandemia tratando de estar a la altura de lo que el Ejecutivo nos est\u00e1 pidiendo.<\/p>\n<div class=\"oasis-despues-del-contenido\" id=\"oasis-2195879587\"><img loading=\"lazy\" decoding=\"async\" src=\"https:\/\/oasisfm935.com.ar\/site\/wp-content\/uploads\/2020\/08\/47806202-8741-49f2-a5c9-d2f930e5baa1.jpg\" alt=\"\"  srcset=\"https:\/\/oasisfm935.com.ar\/site\/wp-content\/uploads\/2020\/08\/47806202-8741-49f2-a5c9-d2f930e5baa1.jpg 1080w, https:\/\/oasisfm935.com.ar\/site\/wp-content\/uploads\/2020\/08\/47806202-8741-49f2-a5c9-d2f930e5baa1-300x300.jpg 300w, https:\/\/oasisfm935.com.ar\/site\/wp-content\/uploads\/2020\/08\/47806202-8741-49f2-a5c9-d2f930e5baa1-1024x1024.jpg 1024w, https:\/\/oasisfm935.com.ar\/site\/wp-content\/uploads\/2020\/08\/47806202-8741-49f2-a5c9-d2f930e5baa1-150x150.jpg 150w, https:\/\/oasisfm935.com.ar\/site\/wp-content\/uploads\/2020\/08\/47806202-8741-49f2-a5c9-d2f930e5baa1-768x768.jpg 768w\" sizes=\"(max-width: 1080px) 100vw, 1080px\" class=\"no-lazyload\" width=\"1080\" height=\"1080\"  style=\"display: inline-block;\" \/><\/div>","protected":false},"excerpt":{"rendered":"<p>En la ma\u00f1ana de hoy Fm Oasis dialogo con el Diputado Zanoli que nos comenta que: el d\u00eda viernes estuvimos reunidos con<\/p>\n","protected":false},"author":4,"featured_media":4306,"comment_status":"closed","ping_status":"open","sticky":false,"template":"","format":"standard","meta":{"colormag_page_layout":"default_layout","footnotes":""},"categories":[2],"tags":[],"class_list":["post-5244","post","type-post","status-publish","format-standard","has-post-thumbnail","hentry","category-noticias"],"_links":{"self":[{"href":"https:\/\/oasisfm935.com.ar\/site\/wp-json\/wp\/v2\/posts\/5244","targetHints":{"allow":["GET"]}}],"collection":[{"href":"https:\/\/oasisfm935.com.ar\/site\/wp-json\/wp\/v2\/posts"}],"about":[{"href":"https:\/\/oasisfm935.com.ar\/site\/wp-json\/wp\/v2\/types\/post"}],"author":[{"embeddable":true,"href":"https:\/\/oasisfm935.com.ar\/site\/wp-json\/wp\/v2\/users\/4"}],"replies":[{"embeddable":true,"href":"https:\/\/oasisfm935.com.ar\/site\/wp-json\/wp\/v2\/comments?post=5244"}],"version-history":[{"count":5,"href":"https:\/\/oasisfm935.com.ar\/site\/wp-json\/wp\/v2\/posts\/5244\/revisions"}],"predecessor-version":[{"id":5250,"href":"https:\/\/oasisfm935.com.ar\/site\/wp-json\/wp\/v2\/posts\/5244\/revisions\/5250"}],"wp:featuredmedia":[{"embeddable":true,"href":"https:\/\/oasisfm935.com.ar\/site\/wp-json\/wp\/v2\/media\/4306"}],"wp:attachment":[{"href":"https:\/\/oasisfm935.com.ar\/site\/wp-json\/wp\/v2\/media?parent=5244"}],"wp:term":[{"taxonomy":"category","embeddable":true,"href":"https:\/\/oasisfm935.com.ar\/site\/wp-json\/wp\/v2\/categories?post=5244"},{"taxonomy":"post_tag","embeddable":true,"href":"https:\/\/oasisfm935.com.ar\/site\/wp-json\/wp\/v2\/tags?post=5244"}],"curies":[{"name":"wp","href":"https:\/\/api.w.org\/{rel}","templated":true}]}}