{"id":5261,"date":"2020-06-23T15:52:00","date_gmt":"2020-06-23T18:52:00","guid":{"rendered":"http:\/\/oasisfm935.com\/site\/?p=5261"},"modified":"2020-06-23T15:52:00","modified_gmt":"2020-06-23T18:52:00","slug":"norberto-amateis-es-el-nuevo-secretario-de-la-asociacion-historiadores-del-norte-pampeano","status":"publish","type":"post","link":"https:\/\/oasisfm935.com.ar\/site\/norberto-amateis-es-el-nuevo-secretario-de-la-asociacion-historiadores-del-norte-pampeano\/","title":{"rendered":"Norberto Amateis es el nuevo secretario de la Asociaci\u00f3n Historiadores del Norte Pampeano"},"content":{"rendered":"<div id=\"single-wrapper\" class=\"wrapper\">\n<div id=\"content\" class=\"container\">\n<div class=\"row\">\n<div class=\"col-md-8 col-lg-8 col-xl-8 col-sm-12 p-0\">\n<div class=\"col-md-12 mb-4\">\n<article id=\"post-76204\" class=\"noticia-single\">\n<header class=\"entry-header\">\n<div class=\"post-image\">\n<figure>Mediante un comunicado, la dirigencia de la asociaci\u00f3n dio a conocer el nombre de quien viene a reemplazar al recientemente fallecido secretario de la instituci\u00f3n, el se\u00f1or Norberto \u201cHomero\u201d Gonz\u00e1lez.<\/figure>\n<\/div>\n<\/header>\n<div class=\"extracto\">\n<div class=\"entry-content\">\n<p>Es por ello que en uso de las facultades \u201cque el Estatuto Social le confiere al presidente para designar el cargo, el pasado s\u00e1bado 20 de junio en la localidad de Ingeniero Luiggi se comprometi\u00f3 con la secretaria de la Asociaci\u00f3n Civil Historiadores del Norte Pampeano el Sr. Norberto Amateis\u201d, puntualiz\u00f3 Cristian Rodr\u00edguez, presidente de la asociaci\u00f3n.<\/p>\n<p>A ra\u00edz de esto, el presidente de la instituci\u00f3n comunic\u00f3 que \u201ca partir de este momento todas las cuestiones referidas al pr\u00f3ximo encuentro y recepci\u00f3n de trabajos para la antolog\u00eda anual \u201cMemoria 14\u201d deber\u00e1n ser enviados a Mitre 748 de Ingeniero Luiggi, a los tel\u00e9fonos: 2302-560557, 2302-543852, 0302-458483, o al correo electr\u00f3nico\u00a0<a href=\"mailto:pueblospampeanos20@gmail.com\">pueblospampeanos20@gmail.com<\/a>\u201d.<\/p>\n<p>Finalmente, Rodr\u00edguez record\u00f3 que para la recepci\u00f3n de trabajos, la inscripci\u00f3n est\u00e1 abierta hasta el viernes 31 de julio.<\/p>\n<p>[En la fotograf\u00eda de portada: Julio Peralta (Tesorero), Juan Antonio Mart\u00edn (presidente Honorario), Norberto Amateis (Secretario) y Cristian Rodr\u00edguez (presidente)]<\/p>\n<\/div>\n<\/div>\n<\/article>\n<\/div>\n<\/div>\n<\/div>\n<\/div>\n<\/div>\n<div class=\"oasis-despues-del-contenido\" id=\"oasis-3833006724\"><img loading=\"lazy\" decoding=\"async\" src=\"https:\/\/oasisfm935.com.ar\/site\/wp-content\/uploads\/2020\/08\/47806202-8741-49f2-a5c9-d2f930e5baa1.jpg\" alt=\"\"  srcset=\"https:\/\/oasisfm935.com.ar\/site\/wp-content\/uploads\/2020\/08\/47806202-8741-49f2-a5c9-d2f930e5baa1.jpg 1080w, https:\/\/oasisfm935.com.ar\/site\/wp-content\/uploads\/2020\/08\/47806202-8741-49f2-a5c9-d2f930e5baa1-300x300.jpg 300w, https:\/\/oasisfm935.com.ar\/site\/wp-content\/uploads\/2020\/08\/47806202-8741-49f2-a5c9-d2f930e5baa1-1024x1024.jpg 1024w, https:\/\/oasisfm935.com.ar\/site\/wp-content\/uploads\/2020\/08\/47806202-8741-49f2-a5c9-d2f930e5baa1-150x150.jpg 150w, https:\/\/oasisfm935.com.ar\/site\/wp-content\/uploads\/2020\/08\/47806202-8741-49f2-a5c9-d2f930e5baa1-768x768.jpg 768w\" sizes=\"(max-width: 1080px) 100vw, 1080px\" class=\"no-lazyload\" width=\"1080\" height=\"1080\"  style=\"display: inline-block;\" \/><\/div>","protected":false},"excerpt":{"rendered":"<p>Mediante un comunicado, la dirigencia de la asociaci\u00f3n dio a conocer el nombre de quien viene a reemplazar al recientemente fallecido secretario<\/p>\n","protected":false},"author":4,"featured_media":5262,"comment_status":"closed","ping_status":"open","sticky":false,"template":"","format":"standard","meta":{"colormag_page_layout":"default_layout","footnotes":""},"categories":[2],"tags":[],"class_list":["post-5261","post","type-post","status-publish","format-standard","has-post-thumbnail","hentry","category-noticias"],"_links":{"self":[{"href":"https:\/\/oasisfm935.com.ar\/site\/wp-json\/wp\/v2\/posts\/5261","targetHints":{"allow":["GET"]}}],"collection":[{"href":"https:\/\/oasisfm935.com.ar\/site\/wp-json\/wp\/v2\/posts"}],"about":[{"href":"https:\/\/oasisfm935.com.ar\/site\/wp-json\/wp\/v2\/types\/post"}],"author":[{"embeddable":true,"href":"https:\/\/oasisfm935.com.ar\/site\/wp-json\/wp\/v2\/users\/4"}],"replies":[{"embeddable":true,"href":"https:\/\/oasisfm935.com.ar\/site\/wp-json\/wp\/v2\/comments?post=5261"}],"version-history":[{"count":1,"href":"https:\/\/oasisfm935.com.ar\/site\/wp-json\/wp\/v2\/posts\/5261\/revisions"}],"predecessor-version":[{"id":5263,"href":"https:\/\/oasisfm935.com.ar\/site\/wp-json\/wp\/v2\/posts\/5261\/revisions\/5263"}],"wp:featuredmedia":[{"embeddable":true,"href":"https:\/\/oasisfm935.com.ar\/site\/wp-json\/wp\/v2\/media\/5262"}],"wp:attachment":[{"href":"https:\/\/oasisfm935.com.ar\/site\/wp-json\/wp\/v2\/media?parent=5261"}],"wp:term":[{"taxonomy":"category","embeddable":true,"href":"https:\/\/oasisfm935.com.ar\/site\/wp-json\/wp\/v2\/categories?post=5261"},{"taxonomy":"post_tag","embeddable":true,"href":"https:\/\/oasisfm935.com.ar\/site\/wp-json\/wp\/v2\/tags?post=5261"}],"curies":[{"name":"wp","href":"https:\/\/api.w.org\/{rel}","templated":true}]}}