{"id":5269,"date":"2020-06-24T14:11:01","date_gmt":"2020-06-24T17:11:01","guid":{"rendered":"http:\/\/oasisfm935.com\/site\/?p=5269"},"modified":"2020-06-24T14:11:01","modified_gmt":"2020-06-24T17:11:01","slug":"quedo-confirmado-el-feriado-puente-para-el-9-de-julio","status":"publish","type":"post","link":"https:\/\/oasisfm935.com.ar\/site\/quedo-confirmado-el-feriado-puente-para-el-9-de-julio\/","title":{"rendered":"Qued\u00f3 confirmado el \u00abferiado puente\u00bb para el 9 de julio"},"content":{"rendered":"<p class=\"lead nota-detalle-bajada\"><strong>El pr\u00f3ximo 9 y 10 de julio fueron declarados Feriados Nacionales en el marco del D\u00eda de la Independencia.<\/strong><\/p>\n<div class=\"nota-detalle-cuerpo\">Desde el Ministerio de Gobierno, Justicia y Derechos Humanos del Gobierno de La Pampa se inform\u00f3 mediante Memorandum N\u00b008\/20, sobre los d\u00edas feriados del mes de julio.<br \/>\nEl pr\u00f3ximo jueves 9 de julio se declar\u00f3 feriado en el marco del d\u00eda en que se declar\u00f3 la Independencia Argentina, enmarcado en la Ley N\u00ba 27399. Mientras que el pr\u00f3ximo viernes 10 de julio se declar\u00f3 feriado con fines tur\u00edsticos mediante la Ley N\u00ba 27399, Decreto Nacional N\u00b0 717\/19.<\/div>\n<div class=\"oasis-despues-del-contenido\" id=\"oasis-75363993\"><img loading=\"lazy\" decoding=\"async\" src=\"https:\/\/oasisfm935.com.ar\/site\/wp-content\/uploads\/2020\/08\/47806202-8741-49f2-a5c9-d2f930e5baa1.jpg\" alt=\"\"  srcset=\"https:\/\/oasisfm935.com.ar\/site\/wp-content\/uploads\/2020\/08\/47806202-8741-49f2-a5c9-d2f930e5baa1.jpg 1080w, https:\/\/oasisfm935.com.ar\/site\/wp-content\/uploads\/2020\/08\/47806202-8741-49f2-a5c9-d2f930e5baa1-300x300.jpg 300w, https:\/\/oasisfm935.com.ar\/site\/wp-content\/uploads\/2020\/08\/47806202-8741-49f2-a5c9-d2f930e5baa1-1024x1024.jpg 1024w, https:\/\/oasisfm935.com.ar\/site\/wp-content\/uploads\/2020\/08\/47806202-8741-49f2-a5c9-d2f930e5baa1-150x150.jpg 150w, https:\/\/oasisfm935.com.ar\/site\/wp-content\/uploads\/2020\/08\/47806202-8741-49f2-a5c9-d2f930e5baa1-768x768.jpg 768w\" sizes=\"(max-width: 1080px) 100vw, 1080px\" class=\"no-lazyload\" width=\"1080\" height=\"1080\"  style=\"display: inline-block;\" \/><\/div>","protected":false},"excerpt":{"rendered":"<p>El pr\u00f3ximo 9 y 10 de julio fueron declarados Feriados Nacionales en el marco del D\u00eda de la Independencia. Desde el Ministerio<\/p>\n","protected":false},"author":4,"featured_media":5270,"comment_status":"closed","ping_status":"open","sticky":false,"template":"","format":"standard","meta":{"colormag_page_layout":"default_layout","footnotes":""},"categories":[2],"tags":[],"class_list":["post-5269","post","type-post","status-publish","format-standard","has-post-thumbnail","hentry","category-noticias"],"_links":{"self":[{"href":"https:\/\/oasisfm935.com.ar\/site\/wp-json\/wp\/v2\/posts\/5269","targetHints":{"allow":["GET"]}}],"collection":[{"href":"https:\/\/oasisfm935.com.ar\/site\/wp-json\/wp\/v2\/posts"}],"about":[{"href":"https:\/\/oasisfm935.com.ar\/site\/wp-json\/wp\/v2\/types\/post"}],"author":[{"embeddable":true,"href":"https:\/\/oasisfm935.com.ar\/site\/wp-json\/wp\/v2\/users\/4"}],"replies":[{"embeddable":true,"href":"https:\/\/oasisfm935.com.ar\/site\/wp-json\/wp\/v2\/comments?post=5269"}],"version-history":[{"count":1,"href":"https:\/\/oasisfm935.com.ar\/site\/wp-json\/wp\/v2\/posts\/5269\/revisions"}],"predecessor-version":[{"id":5271,"href":"https:\/\/oasisfm935.com.ar\/site\/wp-json\/wp\/v2\/posts\/5269\/revisions\/5271"}],"wp:featuredmedia":[{"embeddable":true,"href":"https:\/\/oasisfm935.com.ar\/site\/wp-json\/wp\/v2\/media\/5270"}],"wp:attachment":[{"href":"https:\/\/oasisfm935.com.ar\/site\/wp-json\/wp\/v2\/media?parent=5269"}],"wp:term":[{"taxonomy":"category","embeddable":true,"href":"https:\/\/oasisfm935.com.ar\/site\/wp-json\/wp\/v2\/categories?post=5269"},{"taxonomy":"post_tag","embeddable":true,"href":"https:\/\/oasisfm935.com.ar\/site\/wp-json\/wp\/v2\/tags?post=5269"}],"curies":[{"name":"wp","href":"https:\/\/api.w.org\/{rel}","templated":true}]}}