{"id":5275,"date":"2020-06-24T18:57:26","date_gmt":"2020-06-24T21:57:26","guid":{"rendered":"http:\/\/oasisfm935.com\/site\/?p=5275"},"modified":"2020-06-24T18:57:26","modified_gmt":"2020-06-24T21:57:26","slug":"ingeniero-luiggi-patricia-lavin-junto-al-personal-de-la-direccion-de-infraestructura-obras-publicas-y-privadas-recorrieron-red-terciaria","status":"publish","type":"post","link":"https:\/\/oasisfm935.com.ar\/site\/ingeniero-luiggi-patricia-lavin-junto-al-personal-de-la-direccion-de-infraestructura-obras-publicas-y-privadas-recorrieron-red-terciaria\/","title":{"rendered":"Ingeniero Luiggi: Patricia Lavin junto al personal de la Direcci\u00f3n de Infraestructura Obras P\u00fablicas y Privadas recorrieron red terciaria."},"content":{"rendered":"<p><strong>La Intendenta Patricia Lavin\u00a0realiz\u00f3 una recorrida junto a personal de la Direcci\u00f3n de Infraestructura Obras P\u00fablicas y Privadas para evaluar los trabajos que se est\u00e1n desarrollando.<\/strong><\/p>\n<p><img decoding=\"async\" src=\"https:\/\/scontent.frsa4-1.fna.fbcdn.net\/v\/t1.0-9\/105284090_3136601989756612_2387628498736914463_o.jpg?_nc_cat=109&amp;_nc_sid=8024bb&amp;_nc_eui2=AeGojpGlpqukYO2mDAgc71Eu_JOKxKcj31b8k4rEpyPfVlhE8uUkJyduS86h-R4I8q7cAOdx0oVSKdJu6i8DoBkv&amp;_nc_oc=AQnLY14G3lVQbHZ9zxS5q8sKjmJD82RGUjP6uXwsYb_NfTEMFhgCWyNKvan4kxZec4U&amp;_nc_ht=scontent.frsa4-1.fna&amp;oh=e43911941f91d326ead89ec1ca122ebe&amp;oe=5F195244\" alt=\"La imagen puede contener: cielo, nube, exterior y naturaleza\" \/><\/p>\n<p>Segundo informaron desde el Gobierno Local en el camino\u00a0al \u00d1andu (18 B): alteos y rellenos de pozos de 35 Km. con contrataci\u00f3n de palas de arrastre; y simult\u00e1neamente limpieza y repaso por personal municipal.<\/p>\n<p>&nbsp;<\/p>\n<p><img decoding=\"async\" src=\"https:\/\/scontent.frsa4-1.fna.fbcdn.net\/v\/t1.0-9\/104487459_3136603266423151_3029245554188790136_o.jpg?_nc_cat=109&amp;_nc_sid=8024bb&amp;_nc_eui2=AeEFx58UHWFOZr4qzpWd2Cvna0KiU6QrwlZrQqJTpCvCVgQKpPbh4SOMd30KInycRZWpXNufjl2E7Re25biwKHDZ&amp;_nc_oc=AQmuTw1U4n_vAVHscIY5CrK3jqhrr6m0d2W5Re9caCGvgCxQkYXJgIRD0Uu7lilBnf4&amp;_nc_ht=scontent.frsa4-1.fna&amp;oh=991a56a3291aa6fb6ee0a800855d8dbc&amp;oe=5F182CC6\" alt=\"La imagen puede contener: cielo, nube, \u00e1rbol, exterior y naturaleza\" \/><\/p>\n<div>Ramal Sur (altura campo de Quiroz): reubicaci\u00f3n del \u00faltimo trazo, y paralelamente, generaci\u00f3n de tosca cantera para futuras 20 cuadras de pavimento urbano.<\/div>\n<div><\/div>\n<div>Otro de los ejes de gesti\u00f3n de este gobierno es mantener y mejorar la red terciaria.<\/div>\n<div><img decoding=\"async\" src=\"https:\/\/scontent.frsa4-1.fna.fbcdn.net\/v\/t1.0-9\/104865016_3136603879756423_8178230862751348570_o.jpg?_nc_cat=105&amp;_nc_sid=8024bb&amp;_nc_eui2=AeE-bkT3WeqbVt3LsP6P_zhfpB60ld_T512kHrSV39PnXaCXvCKOCROtk42-Fxc0PFPC6th4ryn8WKW-HTTj_EuR&amp;_nc_oc=AQkl6ZG57CFmPSMW4iMeaB6lAh4EgNP3aJsFmxahvp-j5o2A-kmbR8XnbcpKb8GB5gw&amp;_nc_ht=scontent.frsa4-1.fna&amp;oh=8ee9fb70e77de26bcf0b59ec8cdff693&amp;oe=5F1814F8\" alt=\"La imagen puede contener: cielo, nube, \u00e1rbol, c\u00e9sped, planta, exterior y naturaleza\" \/><\/div>\n<div class=\"oasis-despues-del-contenido\" id=\"oasis-712606223\"><img loading=\"lazy\" decoding=\"async\" src=\"https:\/\/oasisfm935.com.ar\/site\/wp-content\/uploads\/2020\/08\/47806202-8741-49f2-a5c9-d2f930e5baa1.jpg\" alt=\"\"  srcset=\"https:\/\/oasisfm935.com.ar\/site\/wp-content\/uploads\/2020\/08\/47806202-8741-49f2-a5c9-d2f930e5baa1.jpg 1080w, https:\/\/oasisfm935.com.ar\/site\/wp-content\/uploads\/2020\/08\/47806202-8741-49f2-a5c9-d2f930e5baa1-300x300.jpg 300w, https:\/\/oasisfm935.com.ar\/site\/wp-content\/uploads\/2020\/08\/47806202-8741-49f2-a5c9-d2f930e5baa1-1024x1024.jpg 1024w, https:\/\/oasisfm935.com.ar\/site\/wp-content\/uploads\/2020\/08\/47806202-8741-49f2-a5c9-d2f930e5baa1-150x150.jpg 150w, https:\/\/oasisfm935.com.ar\/site\/wp-content\/uploads\/2020\/08\/47806202-8741-49f2-a5c9-d2f930e5baa1-768x768.jpg 768w\" sizes=\"(max-width: 1080px) 100vw, 1080px\" class=\"no-lazyload\" width=\"1080\" height=\"1080\"  style=\"display: inline-block;\" \/><\/div>","protected":false},"excerpt":{"rendered":"<p>La Intendenta Patricia Lavin\u00a0realiz\u00f3 una recorrida junto a personal de la Direcci\u00f3n de Infraestructura Obras P\u00fablicas y Privadas para evaluar los trabajos<\/p>\n","protected":false},"author":4,"featured_media":5276,"comment_status":"closed","ping_status":"open","sticky":false,"template":"","format":"standard","meta":{"colormag_page_layout":"default_layout","footnotes":""},"categories":[2],"tags":[],"class_list":["post-5275","post","type-post","status-publish","format-standard","has-post-thumbnail","hentry","category-noticias"],"_links":{"self":[{"href":"https:\/\/oasisfm935.com.ar\/site\/wp-json\/wp\/v2\/posts\/5275","targetHints":{"allow":["GET"]}}],"collection":[{"href":"https:\/\/oasisfm935.com.ar\/site\/wp-json\/wp\/v2\/posts"}],"about":[{"href":"https:\/\/oasisfm935.com.ar\/site\/wp-json\/wp\/v2\/types\/post"}],"author":[{"embeddable":true,"href":"https:\/\/oasisfm935.com.ar\/site\/wp-json\/wp\/v2\/users\/4"}],"replies":[{"embeddable":true,"href":"https:\/\/oasisfm935.com.ar\/site\/wp-json\/wp\/v2\/comments?post=5275"}],"version-history":[{"count":1,"href":"https:\/\/oasisfm935.com.ar\/site\/wp-json\/wp\/v2\/posts\/5275\/revisions"}],"predecessor-version":[{"id":5277,"href":"https:\/\/oasisfm935.com.ar\/site\/wp-json\/wp\/v2\/posts\/5275\/revisions\/5277"}],"wp:featuredmedia":[{"embeddable":true,"href":"https:\/\/oasisfm935.com.ar\/site\/wp-json\/wp\/v2\/media\/5276"}],"wp:attachment":[{"href":"https:\/\/oasisfm935.com.ar\/site\/wp-json\/wp\/v2\/media?parent=5275"}],"wp:term":[{"taxonomy":"category","embeddable":true,"href":"https:\/\/oasisfm935.com.ar\/site\/wp-json\/wp\/v2\/categories?post=5275"},{"taxonomy":"post_tag","embeddable":true,"href":"https:\/\/oasisfm935.com.ar\/site\/wp-json\/wp\/v2\/tags?post=5275"}],"curies":[{"name":"wp","href":"https:\/\/api.w.org\/{rel}","templated":true}]}}