{"id":5278,"date":"2020-06-24T19:46:44","date_gmt":"2020-06-24T22:46:44","guid":{"rendered":"http:\/\/oasisfm935.com\/site\/?p=5278"},"modified":"2020-06-24T19:47:31","modified_gmt":"2020-06-24T22:47:31","slug":"ingeniero-luiggi-comenzo-con-el-relevamiento-barrial-con-muy-buenos-resultados-resalto-joel-abratte","status":"publish","type":"post","link":"https:\/\/oasisfm935.com.ar\/site\/ingeniero-luiggi-comenzo-con-el-relevamiento-barrial-con-muy-buenos-resultados-resalto-joel-abratte\/","title":{"rendered":"Ingeniero Luiggi: Comenz\u00f3 con el Relevamiento Barrial con muy buenos resultados resalto Joel Abratte."},"content":{"rendered":"<p><strong>En comunicaci\u00f3n con Fm Oasis Joel Abratte nos coment\u00f3 del recorrido que se realiz\u00f3 en la zona sur de la localidad para identificar las necesidades e inquietudes de los vecinos.<\/strong><\/p>\n<p><em>Hemos empezado en el d\u00eda mi\u00e9rcoles 23 de junio con el revelamiento barrial, lo que tiene como objetivo escuchar a cada vecino y acompa\u00f1ar en territorio y a partir de all\u00ed crear pol\u00edticas p\u00fablicas.<\/em><\/p>\n<p>La verdad que el primer resultado es muy bueno, quiero agradecer en primer lugar a los miembros del equipo que nos estuvieron acompa\u00f1ando, como as\u00ed tambi\u00e9n a cada uno de los vecinos que nos recibieron, que dieron respuesta a esta mini encuesta de la cual llegamos y a partir de ah\u00ed dar respuesta a sus necesidades individuales y necesidades barriales.<\/p>\n<p>&nbsp;<\/p>\n<p><img decoding=\"async\" src=\"https:\/\/scontent.frsa4-1.fna.fbcdn.net\/v\/t1.0-9\/p720x720\/105571103_3139203216163156_8155427120465638724_o.jpg?_nc_cat=104&amp;_nc_sid=8024bb&amp;_nc_eui2=AeF5dWeeBC0piHENnmycq3zdMp-dIOtmo7Yyn50g62ajts7ByP07IgvQ39r5xlrG2DjccFxqmQGgmqj1akyu64aJ&amp;_nc_oc=AQmnaahQWoV3P56aMMm1_hPUgwTO_jKGKee9PgdJEhAUBSxb2NYEOOUvm70p1J3d3mw&amp;_nc_ht=scontent.frsa4-1.fna&amp;_nc_tp=6&amp;oh=e1841b1ad76d53e393c86f8d63cdff9c&amp;oe=5F17C9A0\" alt=\"La imagen puede contener: una o varias personas, personas de pie, calzado, \u00e1rbol y exterior\" \/><\/p>\n<p>&nbsp;<\/p>\n<p><em>Esto es el inicio de un largo recorrido, la idea es atravesar todo Ingeniero Luiggi en territorio comenzamos reci\u00e9n con la zona sur este, es el principio, vamos a ir avanzando manzana por manzana, cuadra por cuadra, con cada uno de los miembros de esta secretaria.<\/em><\/p>\n<p>&nbsp;<\/p>\n<p><img decoding=\"async\" src=\"https:\/\/scontent.frsa4-1.fna.fbcdn.net\/v\/t1.0-9\/p720x720\/105981490_3139204056163072_8587540377421099707_o.jpg?_nc_cat=102&amp;_nc_sid=8024bb&amp;_nc_eui2=AeGylMT9NsjWRnJPKP3D9L33DlLj94zS0dMOUuP3jNLR09WMXGsJLpW1OWG6FQf5vPx6prShfz-ZTWtz3S63vjwT&amp;_nc_oc=AQmZmGUwNeIsk3kyygiSQ2Fgwrd0Ul36kuMGNQt1HFmltuKb6GBsDLIOFDS-R2_kSAI&amp;_nc_ht=scontent.frsa4-1.fna&amp;_nc_tp=6&amp;oh=371d452cf1126ddaed220c0e9423fb97&amp;oe=5F1AE1A1\" alt=\"La imagen puede contener: una o varias personas y exterior\" \/><\/p>\n<p>&nbsp;<\/p>\n<blockquote><p>El pr\u00f3ximo d\u00eda de recorrida es el d\u00eda Jueves 25 de junio vamos a seguir trabajando por el bien de cada vecino, pero para eso precisamos escucharlo, acompa\u00f1arlo y en forma conjunta pensar en pol\u00edticas p\u00fablicas que den respuesta a cada uno de nuestros vecinos.<\/p>\n<p>&nbsp;<\/p><\/blockquote>\n<p>&nbsp;<\/p>\n<p><img decoding=\"async\" src=\"https:\/\/scontent.frsa4-1.fna.fbcdn.net\/v\/t1.0-9\/p720x720\/105898026_3139204489496362_3258481660947298638_o.jpg?_nc_cat=109&amp;_nc_sid=8024bb&amp;_nc_eui2=AeGXH44pyYDgYRCbsSjAzLMs1iNsgG3ZfcnWI2yAbdl9yQmNqRJEiy_E4m5rine2aeR_HCZn6axPvjBnDSbzz297&amp;_nc_oc=AQkp73lPd2bQ_e5klvlq72HCqO9N0llVLkrql4PmzC29CVsQHoWLeQCqYQYd-nIp5JU&amp;_nc_ht=scontent.frsa4-1.fna&amp;_nc_tp=6&amp;oh=3e3943cb6d5e5da977a663a76b946e03&amp;oe=5F183BCA\" alt=\"La imagen puede contener: una o varias personas, personas de pie, \u00e1rbol y exterior\" \/><\/p>\n<p>&nbsp;<\/p>\n<div class=\"oasis-despues-del-contenido\" id=\"oasis-2775148524\"><img loading=\"lazy\" decoding=\"async\" src=\"https:\/\/oasisfm935.com.ar\/site\/wp-content\/uploads\/2020\/08\/47806202-8741-49f2-a5c9-d2f930e5baa1.jpg\" alt=\"\"  srcset=\"https:\/\/oasisfm935.com.ar\/site\/wp-content\/uploads\/2020\/08\/47806202-8741-49f2-a5c9-d2f930e5baa1.jpg 1080w, https:\/\/oasisfm935.com.ar\/site\/wp-content\/uploads\/2020\/08\/47806202-8741-49f2-a5c9-d2f930e5baa1-300x300.jpg 300w, https:\/\/oasisfm935.com.ar\/site\/wp-content\/uploads\/2020\/08\/47806202-8741-49f2-a5c9-d2f930e5baa1-1024x1024.jpg 1024w, https:\/\/oasisfm935.com.ar\/site\/wp-content\/uploads\/2020\/08\/47806202-8741-49f2-a5c9-d2f930e5baa1-150x150.jpg 150w, https:\/\/oasisfm935.com.ar\/site\/wp-content\/uploads\/2020\/08\/47806202-8741-49f2-a5c9-d2f930e5baa1-768x768.jpg 768w\" sizes=\"(max-width: 1080px) 100vw, 1080px\" class=\"no-lazyload\" width=\"1080\" height=\"1080\"  style=\"display: inline-block;\" \/><\/div>","protected":false},"excerpt":{"rendered":"<p>En comunicaci\u00f3n con Fm Oasis Joel Abratte nos coment\u00f3 del recorrido que se realiz\u00f3 en la zona sur de la localidad para<\/p>\n","protected":false},"author":4,"featured_media":5279,"comment_status":"closed","ping_status":"open","sticky":false,"template":"","format":"standard","meta":{"colormag_page_layout":"default_layout","footnotes":""},"categories":[2],"tags":[],"class_list":["post-5278","post","type-post","status-publish","format-standard","has-post-thumbnail","hentry","category-noticias"],"_links":{"self":[{"href":"https:\/\/oasisfm935.com.ar\/site\/wp-json\/wp\/v2\/posts\/5278","targetHints":{"allow":["GET"]}}],"collection":[{"href":"https:\/\/oasisfm935.com.ar\/site\/wp-json\/wp\/v2\/posts"}],"about":[{"href":"https:\/\/oasisfm935.com.ar\/site\/wp-json\/wp\/v2\/types\/post"}],"author":[{"embeddable":true,"href":"https:\/\/oasisfm935.com.ar\/site\/wp-json\/wp\/v2\/users\/4"}],"replies":[{"embeddable":true,"href":"https:\/\/oasisfm935.com.ar\/site\/wp-json\/wp\/v2\/comments?post=5278"}],"version-history":[{"count":2,"href":"https:\/\/oasisfm935.com.ar\/site\/wp-json\/wp\/v2\/posts\/5278\/revisions"}],"predecessor-version":[{"id":5281,"href":"https:\/\/oasisfm935.com.ar\/site\/wp-json\/wp\/v2\/posts\/5278\/revisions\/5281"}],"wp:featuredmedia":[{"embeddable":true,"href":"https:\/\/oasisfm935.com.ar\/site\/wp-json\/wp\/v2\/media\/5279"}],"wp:attachment":[{"href":"https:\/\/oasisfm935.com.ar\/site\/wp-json\/wp\/v2\/media?parent=5278"}],"wp:term":[{"taxonomy":"category","embeddable":true,"href":"https:\/\/oasisfm935.com.ar\/site\/wp-json\/wp\/v2\/categories?post=5278"},{"taxonomy":"post_tag","embeddable":true,"href":"https:\/\/oasisfm935.com.ar\/site\/wp-json\/wp\/v2\/tags?post=5278"}],"curies":[{"name":"wp","href":"https:\/\/api.w.org\/{rel}","templated":true}]}}