{"id":5282,"date":"2020-06-25T08:33:31","date_gmt":"2020-06-25T11:33:31","guid":{"rendered":"http:\/\/oasisfm935.com\/site\/?p=5282"},"modified":"2020-06-25T08:33:31","modified_gmt":"2020-06-25T11:33:31","slug":"intendentes-del-norte-entre-ellos-patricia-lavin-buscan-crear-un-mercado-comun","status":"publish","type":"post","link":"https:\/\/oasisfm935.com.ar\/site\/intendentes-del-norte-entre-ellos-patricia-lavin-buscan-crear-un-mercado-comun\/","title":{"rendered":"Intendentes del norte entre ellos Patricia Lavin buscan crear un \u00abmercado com\u00fan\u00bb"},"content":{"rendered":"<p><strong>Las autoridades comunales del norte pampeano avanzan en un proyecto de integraci\u00f3n, que favorecer\u00e1 el intercambio comercial y de servicios entre los municipios. Esto involucrar\u00e1 a las 34 comunas que integran las microrregiones 1, 2 y 3, de la provincia.<\/strong><\/p>\n<p><em>Ayer a la tarde, con vistas a avanzar sobre el proyecto se realiz\u00f3 en Metileo una reuni\u00f3n que signific\u00f3 el \u00abpuntapi\u00e9 inicial\u00bb de esta propuesta. Adem\u00e1s del jefe comunal local, Juan Carlos Pavoni, participaron otros intendentes como Fernanda Alonso (General Pico), Patricia Lavin (Ingeniero Luiggi), Horacio Lorenzo (Trenel) y Jorge Sosa (Arata).<\/em><\/p>\n<p>El proyecto involucrar\u00eda a las dem\u00e1s localidades de las tres microrregiones, como Realic\u00f3, Rancul, Quetrequ\u00e9n, Maisonnave, Adolfo Van Praet, Falucho, Embajador Martini y Parera, por parte de la Microrregi\u00f3n I; Hilario Lagos, Sarah, Larroud\u00e9, Intendente Alvear, Ceballos, V\u00e9rtiz, Alta Italia, Speluzzi, Agustoni, Dorila, Monte Nievas, Villa Mirasol, Quem\u00fa Quem\u00fa, Miguel Can\u00e9 y Colonia Bar\u00f3n: por la Microrregi\u00f3n II; y Eduardo Castex, La Maruja, Pichi Huinca, Caleuf\u00fa, Conhello y Rucanelo.<\/p>\n<p><em>Todav\u00eda resta que se definan los detalles del proyecto sobre el que habr\u00eda ampli\u00f3 consenso en las diferentes localidades del norte pampeano. Esta propuesta pretende aceitar el intercambio comercial y de servicios entre las comunas de este mercado.<\/em><\/p>\n<p><em>A modo de ejemplo, los voceros consultados por este diario indicaron que los municipios que necesiten hacer obras de desag\u00fces, compren las alcantarillas que fabrica la comuna de Arata, y as\u00ed con los diferentes servicios que disponen los municipios. Tambi\u00e9n permitir\u00eda que puedan encarar proyectos productivos de manera conjunta.<\/em><\/p>\n<p><strong>Beneficios.<\/strong><br \/>\nPavoni indic\u00f3 que desde las localidades del departamento Trenel se traslad\u00f3 \u00abla iniciativa a las microrregiones para poder integrar a todos los municipios y trabajar en forma conjunta\u00bb.<\/p>\n<p>\u00abQueremos integrar las tres microrregiones de la zona del norte de La Pampa para desarrollar proyectos en forma conjunta y articular acciones que nos permitan posicionarnos en distintos mercados, llegar a las ciudades m\u00e1s grandes, haciendo producciones en las que no tengamos competencias entre nosotros mismos, sino ver de qu\u00e9 manera cada uno pueda hacer una determinada producci\u00f3n y poder bajar costos. Eso tendr\u00e1 dos beneficios, por un lado, que la gente puede consumir productos pampeanos m\u00e1s econ\u00f3micos, y por el otro, que en cada pueblo genere mano de obra\u00bb, dijo el intendente de Metileo.<\/p>\n<p>El jefe comunal norte\u00f1o adem\u00e1s agreg\u00f3 que mediante esta propuesta se busca \u00abpoder entrar a los centros de comercializaci\u00f3n m\u00e1s grandes, como los supermercados\u00bb, y que debe ser un trabajo conjunto para \u00abdesarrollar el norte de la provincia de La Pampa\u00bb.<\/p>\n<p>Figura legal.<br \/>\nEn tanto, la intendenta Alonso destac\u00f3 que se \u00abcoincidi\u00f3 en generar un espacio intermunicipal de trabajo conjunto, donde tenemos proyectos comunes en los que podemos avanzar en escala si nos ponemos de acuerdo\u00bb.<\/p>\n<p>A modo de ejemplo, indic\u00f3 que la comuna de Pico \u00abtiene la posibilidad de reactivar el peladero de pollos\u00bb para ponerlo a disposici\u00f3n de las localidades que tienen producci\u00f3n av\u00edcola y as\u00ed brindar un servicio.<\/p>\n<p>En tanto, agreg\u00f3 que se trabajar\u00e1 en \u00abgenerar una figura de consorcio, una figura legal que nos identifique\u00bb, y que el proyecto prev\u00e9 no solo \u00abel intercambio de productos\u00bb sino tambi\u00e9n de servicios.<\/p>\n<p>\u00abTenemos para ofrecer la particularidad que tiene cada localidad y poder fortalecernos entre nosotros. No competir, sino acompa\u00f1arnos en este momento que nos toca afrontar y ver como salimos de esta crisis econ\u00f3mica y sanitaria desde los municipios, a trav\u00e9s de una gesti\u00f3n intermunicipal\u00bb, finaliz\u00f3.<\/p>\n<p>La Arena<\/p>\n<div class=\"oasis-despues-del-contenido\" id=\"oasis-2948449155\"><img loading=\"lazy\" decoding=\"async\" src=\"https:\/\/oasisfm935.com.ar\/site\/wp-content\/uploads\/2020\/08\/47806202-8741-49f2-a5c9-d2f930e5baa1.jpg\" alt=\"\"  srcset=\"https:\/\/oasisfm935.com.ar\/site\/wp-content\/uploads\/2020\/08\/47806202-8741-49f2-a5c9-d2f930e5baa1.jpg 1080w, https:\/\/oasisfm935.com.ar\/site\/wp-content\/uploads\/2020\/08\/47806202-8741-49f2-a5c9-d2f930e5baa1-300x300.jpg 300w, https:\/\/oasisfm935.com.ar\/site\/wp-content\/uploads\/2020\/08\/47806202-8741-49f2-a5c9-d2f930e5baa1-1024x1024.jpg 1024w, https:\/\/oasisfm935.com.ar\/site\/wp-content\/uploads\/2020\/08\/47806202-8741-49f2-a5c9-d2f930e5baa1-150x150.jpg 150w, https:\/\/oasisfm935.com.ar\/site\/wp-content\/uploads\/2020\/08\/47806202-8741-49f2-a5c9-d2f930e5baa1-768x768.jpg 768w\" sizes=\"(max-width: 1080px) 100vw, 1080px\" class=\"no-lazyload\" width=\"1080\" height=\"1080\"  style=\"display: inline-block;\" \/><\/div>","protected":false},"excerpt":{"rendered":"<p>Las autoridades comunales del norte pampeano avanzan en un proyecto de integraci\u00f3n, que favorecer\u00e1 el intercambio comercial y de servicios entre los<\/p>\n","protected":false},"author":4,"featured_media":5283,"comment_status":"closed","ping_status":"open","sticky":false,"template":"","format":"standard","meta":{"colormag_page_layout":"default_layout","footnotes":""},"categories":[2],"tags":[],"class_list":["post-5282","post","type-post","status-publish","format-standard","has-post-thumbnail","hentry","category-noticias"],"_links":{"self":[{"href":"https:\/\/oasisfm935.com.ar\/site\/wp-json\/wp\/v2\/posts\/5282","targetHints":{"allow":["GET"]}}],"collection":[{"href":"https:\/\/oasisfm935.com.ar\/site\/wp-json\/wp\/v2\/posts"}],"about":[{"href":"https:\/\/oasisfm935.com.ar\/site\/wp-json\/wp\/v2\/types\/post"}],"author":[{"embeddable":true,"href":"https:\/\/oasisfm935.com.ar\/site\/wp-json\/wp\/v2\/users\/4"}],"replies":[{"embeddable":true,"href":"https:\/\/oasisfm935.com.ar\/site\/wp-json\/wp\/v2\/comments?post=5282"}],"version-history":[{"count":1,"href":"https:\/\/oasisfm935.com.ar\/site\/wp-json\/wp\/v2\/posts\/5282\/revisions"}],"predecessor-version":[{"id":5284,"href":"https:\/\/oasisfm935.com.ar\/site\/wp-json\/wp\/v2\/posts\/5282\/revisions\/5284"}],"wp:featuredmedia":[{"embeddable":true,"href":"https:\/\/oasisfm935.com.ar\/site\/wp-json\/wp\/v2\/media\/5283"}],"wp:attachment":[{"href":"https:\/\/oasisfm935.com.ar\/site\/wp-json\/wp\/v2\/media?parent=5282"}],"wp:term":[{"taxonomy":"category","embeddable":true,"href":"https:\/\/oasisfm935.com.ar\/site\/wp-json\/wp\/v2\/categories?post=5282"},{"taxonomy":"post_tag","embeddable":true,"href":"https:\/\/oasisfm935.com.ar\/site\/wp-json\/wp\/v2\/tags?post=5282"}],"curies":[{"name":"wp","href":"https:\/\/api.w.org\/{rel}","templated":true}]}}