{"id":5285,"date":"2020-06-25T12:17:07","date_gmt":"2020-06-25T15:17:07","guid":{"rendered":"http:\/\/oasisfm935.com\/site\/?p=5285"},"modified":"2020-06-25T12:25:20","modified_gmt":"2020-06-25T15:25:20","slug":"ziliotto-prohibio-la-circulacion-en-la-madrugada-y-restringio-los-horarios-de-encuentros-familiares","status":"publish","type":"post","link":"https:\/\/oasisfm935.com.ar\/site\/ziliotto-prohibio-la-circulacion-en-la-madrugada-y-restringio-los-horarios-de-encuentros-familiares\/","title":{"rendered":"Ziliotto prohibi\u00f3 la circulaci\u00f3n en la madrugada y restringi\u00f3 los horarios de encuentros familiares"},"content":{"rendered":"<p>El incremento de casos de<strong>\u00a0coronavirus Covid-19<\/strong>\u00a0en la ciudad de Buenos Aires y el Gran Buenos Aires, m\u00e1s los registrados en provincias vecinas,<strong>\u00a0encendi\u00f3 las alarmas en La Pampa<\/strong>. Este mediod\u00eda, el gobernador\u00a0<strong>Sergio Ziliotto<\/strong>\u00a0anunci\u00f3 nuevas medidas para disminuir la circulaci\u00f3n social, sin afectar las actividades econ\u00f3micas:<strong>\u00a0prohibi\u00f3 ahora la circulaci\u00f3n de personas entre la 1.30 y las 7 horas de cada d\u00eda y estableci\u00f3 que los reencuentros familiares y sociales se podr\u00e1n hacer los viernes y s\u00e1bado de 8 a 24 -como hasta ahora- y de domingo a jueves de 8 a 20 -actualmente se permite hasta las 24, por lo que se ser\u00e1n cuatro horas menos-.<\/strong><\/p>\n<p>&nbsp;<\/p>\n<p><strong>\u00abVamos a tomar medidas para resguardar los excesos\u00bb<\/strong>, sostuvo. \u201cNo podemos parar la actividad (econ\u00f3mica), por eso es momento de tomar medidas para cuidarnos cada d\u00eda m\u00e1s\u201d, sostuvo. \u00abTenemos que tomar medidas de prevenci\u00f3n. La prevenci\u00f3n pasa en mayor preponderancia del control estatal y en menor preoponderancia en la responsabilidad social. Tenemos que cuidarnos cada d\u00eda m\u00e1s\u00bb, reiter\u00f3.<\/p>\n<p>\u201cD\u00eda tras d\u00eda se plantea un escenario m\u00e1s complejo, a nivel nacional, con la pandemia\u201d, dijo,\u00a0 en el inicio de la conferencia de prensa.<\/p>\n<p>\u00abVemos un contexto nacional, donde se rompen d\u00eda tras d\u00eda los records y donde cada vez m\u00e1s provincias dejan de tener cero en casos\u00bb, sostuvo. \u00abHay casos, salvo en San Luis, en todas las provincias lim\u00edtrofes de La Pampa. Algunas, creciendo, como en el sur de nuestra provincia. Tenemos escenarios muy complejos, que afectan a La Pampa\u00bb, sostuvo.<\/p>\n<p>Insisti\u00f3 que no hay circulaci\u00f3n comunitaria, pero s\u00ed \u00abmucha circulaci\u00f3n de personas\u00bb que vienen de \u00e1reas donde hay circulaci\u00f3n viral. \u00abY esas \u00e1reas han aumentando el porcentaje de contagiosidad\u00bb, sostuvo.<\/p>\n<p>&nbsp;<\/p>\n<p>Diario Textual<\/p>\n<div class=\"oasis-despues-del-contenido\" id=\"oasis-32751194\"><img loading=\"lazy\" decoding=\"async\" src=\"https:\/\/oasisfm935.com.ar\/site\/wp-content\/uploads\/2020\/08\/47806202-8741-49f2-a5c9-d2f930e5baa1.jpg\" alt=\"\"  srcset=\"https:\/\/oasisfm935.com.ar\/site\/wp-content\/uploads\/2020\/08\/47806202-8741-49f2-a5c9-d2f930e5baa1.jpg 1080w, https:\/\/oasisfm935.com.ar\/site\/wp-content\/uploads\/2020\/08\/47806202-8741-49f2-a5c9-d2f930e5baa1-300x300.jpg 300w, https:\/\/oasisfm935.com.ar\/site\/wp-content\/uploads\/2020\/08\/47806202-8741-49f2-a5c9-d2f930e5baa1-1024x1024.jpg 1024w, https:\/\/oasisfm935.com.ar\/site\/wp-content\/uploads\/2020\/08\/47806202-8741-49f2-a5c9-d2f930e5baa1-150x150.jpg 150w, https:\/\/oasisfm935.com.ar\/site\/wp-content\/uploads\/2020\/08\/47806202-8741-49f2-a5c9-d2f930e5baa1-768x768.jpg 768w\" sizes=\"(max-width: 1080px) 100vw, 1080px\" class=\"no-lazyload\" width=\"1080\" height=\"1080\"  style=\"display: inline-block;\" \/><\/div>","protected":false},"excerpt":{"rendered":"<p>El incremento de casos de\u00a0coronavirus Covid-19\u00a0en la ciudad de Buenos Aires y el Gran Buenos Aires, m\u00e1s los registrados en provincias vecinas,\u00a0encendi\u00f3<\/p>\n","protected":false},"author":4,"featured_media":5286,"comment_status":"closed","ping_status":"open","sticky":false,"template":"","format":"standard","meta":{"colormag_page_layout":"default_layout","footnotes":""},"categories":[2],"tags":[],"class_list":["post-5285","post","type-post","status-publish","format-standard","has-post-thumbnail","hentry","category-noticias"],"_links":{"self":[{"href":"https:\/\/oasisfm935.com.ar\/site\/wp-json\/wp\/v2\/posts\/5285","targetHints":{"allow":["GET"]}}],"collection":[{"href":"https:\/\/oasisfm935.com.ar\/site\/wp-json\/wp\/v2\/posts"}],"about":[{"href":"https:\/\/oasisfm935.com.ar\/site\/wp-json\/wp\/v2\/types\/post"}],"author":[{"embeddable":true,"href":"https:\/\/oasisfm935.com.ar\/site\/wp-json\/wp\/v2\/users\/4"}],"replies":[{"embeddable":true,"href":"https:\/\/oasisfm935.com.ar\/site\/wp-json\/wp\/v2\/comments?post=5285"}],"version-history":[{"count":4,"href":"https:\/\/oasisfm935.com.ar\/site\/wp-json\/wp\/v2\/posts\/5285\/revisions"}],"predecessor-version":[{"id":5290,"href":"https:\/\/oasisfm935.com.ar\/site\/wp-json\/wp\/v2\/posts\/5285\/revisions\/5290"}],"wp:featuredmedia":[{"embeddable":true,"href":"https:\/\/oasisfm935.com.ar\/site\/wp-json\/wp\/v2\/media\/5286"}],"wp:attachment":[{"href":"https:\/\/oasisfm935.com.ar\/site\/wp-json\/wp\/v2\/media?parent=5285"}],"wp:term":[{"taxonomy":"category","embeddable":true,"href":"https:\/\/oasisfm935.com.ar\/site\/wp-json\/wp\/v2\/categories?post=5285"},{"taxonomy":"post_tag","embeddable":true,"href":"https:\/\/oasisfm935.com.ar\/site\/wp-json\/wp\/v2\/tags?post=5285"}],"curies":[{"name":"wp","href":"https:\/\/api.w.org\/{rel}","templated":true}]}}