{"id":5292,"date":"2020-06-25T20:09:37","date_gmt":"2020-06-25T23:09:37","guid":{"rendered":"http:\/\/oasisfm935.com\/site\/?p=5292"},"modified":"2020-06-25T20:11:26","modified_gmt":"2020-06-25T23:11:26","slug":"ingeniero-luiggi-a-partir-del-1-de-julio-vuelve-el-gimnasio-fitness-gym-cumpliendo-con-el-protocolo","status":"publish","type":"post","link":"https:\/\/oasisfm935.com.ar\/site\/ingeniero-luiggi-a-partir-del-1-de-julio-vuelve-el-gimnasio-fitness-gym-cumpliendo-con-el-protocolo\/","title":{"rendered":"Ingeniero Luiggi: A partir del 1 de Julio vuelve el Gimnasio FITNESS GYM cumpliendo con el protocolo."},"content":{"rendered":"<p>En comunicaci\u00f3n con Marcelo Hidalgo el Profesor Carlos Seia nos coment\u00f3 que: a partir\u00a0del comenzar el 1 de Julio va a comenzar a funcionar el gimnasio en el horario de 8:00 a 12:00 horas y de 14:00 a 20:00.<\/p>\n<p>\u00bfComo nos organizamos? es la pregunta que nos hace la mayor\u00eda de las personas, es todo nuevo no solo para nosotros si no para todas las actividades que se est\u00e1n desarrollando en la localidad, nos estamos guiando con el protocolo que nos lleg\u00f3 de Provincia en el cual d\u00e9jame marcar algunos puntos para que la gente tenga en cuenta.<\/p>\n<p>La actividad no debe ser mayor a los 45 minutos una vez que el grupo de personas realiza la actividad se debe proceder a la desinfecci\u00f3n del gimnasio y del lugar del elemento que utilizo.<\/p>\n<p>&nbsp;<\/p>\n<p><img decoding=\"async\" src=\"https:\/\/scontent.frsa4-1.fna.fbcdn.net\/v\/t1.15752-9\/106074249_1172241469828341_8435507306645981612_n.jpg?_nc_cat=106&amp;_nc_sid=b96e70&amp;_nc_eui2=AeE-3YNJevO7ipK3peAsgVGY-EDFDa776ez4QMUNrvvp7Gh1wTzqfKi7KAXa1dIRbSA9hA4ppg10ccQzIXUxhZq3&amp;_nc_oc=AQnnDfiA3BxaatNPGsaFDA5QnX6RWwWzwA3CtC9fei2wxpmPiesAvSw1Px_e25MrIkw&amp;_nc_ht=scontent.frsa4-1.fna&amp;oh=0462f0d2c63fbeb2c5a47cbff25ab411&amp;oe=5F1AF73B\" \/><\/p>\n<p>&nbsp;<\/p>\n<p>Debe haber una cierta cantidad de personas de acuerdo a los espacios y a los metros cuadrados de lugar, nosotros en nuestro lugar no puede haber m\u00e1s de 8 o 9 personas en el espacio que cuenta en gimnasio, son cosas nuevas que tenemos que adaptarnos como sugiere el protocolo.<\/p>\n<p>En ning\u00fan momento las actividades deben ser en grupo, asistida, sino que debe ser siempre de forma individual.<\/p>\n<p>Las personas que concurran al gimnasio deben hacerlo con un turno previamente realizado que lo pueden hacer llamando por tel\u00e9fono al 2302 532015, para que pueden reservar su turno, no van a ser permitidas las personas que no cuenten con un turno establecido.<\/p>\n<p><img decoding=\"async\" src=\"https:\/\/scontent.frsa4-1.fna.fbcdn.net\/v\/t1.15752-9\/105484599_265162914907147_550541833620837421_n.jpg?_nc_cat=104&amp;_nc_sid=b96e70&amp;_nc_eui2=AeGYH2cshuPJmen2D7PiaD6xtt-QPjscBJ6235A-OxwEnskXwYOOziJ-LtlLfPn8XcsWYenYsPalr_UmwYNpHvdE&amp;_nc_oc=AQnb9N7u5Zcl7jGP-KPd55HqQ5Whd5zmWzTHARFekl24l2XcN4BgZVd9jyHXDMt1-ss&amp;_nc_ht=scontent.frsa4-1.fna&amp;oh=5d07202e2e3dc4979f1872b378f6e341&amp;oe=5F1B0FC7\" \/><\/p>\n<p>Carlos Seia nos comenta que: en todo momento nosotros lo que estamos dentro de gimnasio tanto Tomas, Claudia y quien te habla vamos a contar con guantes, antiparras, tapa bocas. Es todo nuevo, pero lo importe es que podamos volver a realizar las actividades que la personas que habitualmente concurr\u00eda al gimnasio pueda seguir y para los nunca fueron los invitamos que se sumen.<\/p>\n<div class=\"oasis-despues-del-contenido\" id=\"oasis-4003125631\"><img loading=\"lazy\" decoding=\"async\" src=\"https:\/\/oasisfm935.com.ar\/site\/wp-content\/uploads\/2020\/08\/47806202-8741-49f2-a5c9-d2f930e5baa1.jpg\" alt=\"\"  srcset=\"https:\/\/oasisfm935.com.ar\/site\/wp-content\/uploads\/2020\/08\/47806202-8741-49f2-a5c9-d2f930e5baa1.jpg 1080w, https:\/\/oasisfm935.com.ar\/site\/wp-content\/uploads\/2020\/08\/47806202-8741-49f2-a5c9-d2f930e5baa1-300x300.jpg 300w, https:\/\/oasisfm935.com.ar\/site\/wp-content\/uploads\/2020\/08\/47806202-8741-49f2-a5c9-d2f930e5baa1-1024x1024.jpg 1024w, https:\/\/oasisfm935.com.ar\/site\/wp-content\/uploads\/2020\/08\/47806202-8741-49f2-a5c9-d2f930e5baa1-150x150.jpg 150w, https:\/\/oasisfm935.com.ar\/site\/wp-content\/uploads\/2020\/08\/47806202-8741-49f2-a5c9-d2f930e5baa1-768x768.jpg 768w\" sizes=\"(max-width: 1080px) 100vw, 1080px\" class=\"no-lazyload\" width=\"1080\" height=\"1080\"  style=\"display: inline-block;\" \/><\/div>","protected":false},"excerpt":{"rendered":"<p>En comunicaci\u00f3n con Marcelo Hidalgo el Profesor Carlos Seia nos coment\u00f3 que: a partir\u00a0del comenzar el 1 de Julio va a comenzar<\/p>\n","protected":false},"author":4,"featured_media":5296,"comment_status":"closed","ping_status":"open","sticky":false,"template":"","format":"standard","meta":{"colormag_page_layout":"default_layout","footnotes":""},"categories":[2],"tags":[],"class_list":["post-5292","post","type-post","status-publish","format-standard","has-post-thumbnail","hentry","category-noticias"],"_links":{"self":[{"href":"https:\/\/oasisfm935.com.ar\/site\/wp-json\/wp\/v2\/posts\/5292","targetHints":{"allow":["GET"]}}],"collection":[{"href":"https:\/\/oasisfm935.com.ar\/site\/wp-json\/wp\/v2\/posts"}],"about":[{"href":"https:\/\/oasisfm935.com.ar\/site\/wp-json\/wp\/v2\/types\/post"}],"author":[{"embeddable":true,"href":"https:\/\/oasisfm935.com.ar\/site\/wp-json\/wp\/v2\/users\/4"}],"replies":[{"embeddable":true,"href":"https:\/\/oasisfm935.com.ar\/site\/wp-json\/wp\/v2\/comments?post=5292"}],"version-history":[{"count":2,"href":"https:\/\/oasisfm935.com.ar\/site\/wp-json\/wp\/v2\/posts\/5292\/revisions"}],"predecessor-version":[{"id":5298,"href":"https:\/\/oasisfm935.com.ar\/site\/wp-json\/wp\/v2\/posts\/5292\/revisions\/5298"}],"wp:featuredmedia":[{"embeddable":true,"href":"https:\/\/oasisfm935.com.ar\/site\/wp-json\/wp\/v2\/media\/5296"}],"wp:attachment":[{"href":"https:\/\/oasisfm935.com.ar\/site\/wp-json\/wp\/v2\/media?parent=5292"}],"wp:term":[{"taxonomy":"category","embeddable":true,"href":"https:\/\/oasisfm935.com.ar\/site\/wp-json\/wp\/v2\/categories?post=5292"},{"taxonomy":"post_tag","embeddable":true,"href":"https:\/\/oasisfm935.com.ar\/site\/wp-json\/wp\/v2\/tags?post=5292"}],"curies":[{"name":"wp","href":"https:\/\/api.w.org\/{rel}","templated":true}]}}