{"id":5300,"date":"2020-06-26T11:34:25","date_gmt":"2020-06-26T14:34:25","guid":{"rendered":"http:\/\/oasisfm935.com\/site\/?p=5300"},"modified":"2020-06-26T11:34:25","modified_gmt":"2020-06-26T14:34:25","slug":"ingeniero-luiggi-informe-de-prensa-del-bloque-ucr-de-la-sesion-ordinaria-del-dia-23-de-junio","status":"publish","type":"post","link":"https:\/\/oasisfm935.com.ar\/site\/ingeniero-luiggi-informe-de-prensa-del-bloque-ucr-de-la-sesion-ordinaria-del-dia-23-de-junio\/","title":{"rendered":"Ingeniero Luiggi: Informe de prensa del Bloque UCR de la sesi\u00f3n ordinaria del d\u00eda 23 de Junio."},"content":{"rendered":"<p>En la sesi\u00f3n ordinaria del d\u00eda 23 de junio conforme orden del d\u00eda se pusieron a consideraci\u00f3n proyectos de FREJUPA \u201cCreaci\u00f3n de Consejo de Ni\u00f1ez y Adolescencia\u201d y por UCR\u00a0 <strong>\u201c Declaraci\u00f3n de inter\u00e9s municipal, cultural, social y educativo las\u00a0 Jornadas Institucionales denominadas \u201cNI\u00d1OS, NI\u00d1AS, ADOLESCENTES Y ADULTOS POR Y PARA LUIGGI. ( a comisi\u00f3n para su tratamiento)<\/strong><\/p>\n<p>Se aprob\u00f3 por mayor\u00eda la suscripci\u00f3n de un convenio entre el Municipio y Banco de la Naci\u00f3n Argentina para otorgar cr\u00e9ditos a los empleados municipales. <strong>El bloque radical vot\u00f3 (1) positivo, entendiendo que no corresponde privar de la posibilidad de acceso a los mismos, constando en acta la consideraci\u00f3n de que los intereses del cr\u00e9dito son excesivos y (2) se abstuvo por \u00faltimo fundamento.<\/strong><\/p>\n<p>Se aprob\u00f3 la compra directa por \u201cemergencia sanitaria\u201d de un by pass para descomprimir la red cloacal de la Municipalidad, entendiendo tambi\u00e9n, el Bloque Radical que el mismo permitir\u00eda reducir el da\u00f1o ambiental y a la salud p\u00fablica del desborde de cloacas. <strong>El bloque UCR solicito informe y explicaciones p\u00fablicas al \u00e1rea Obras Publicas por la falta de mantenimiento y limpieza de las mismas que provocaron la aver\u00eda\/rotura de los mismos y el da\u00f1o ecol\u00f3gico y sanitario . Votaci\u00f3n del BLOQUE UCR (1) POSITIVO POR EMERGENCIA SANITARIA (CON INFORME Y EXPLICACIONES DEL AREA OBRAS PUBLICAS) (2) ABSTENCION POR CONSIDERAR QUE NO SE RESPETO EL REGLAMENTO DE LICITACION PUBICA EXIGIDO POR LOM ( Ley Org\u00e1nica Municipal)\u00a0 <\/strong><\/p>\n<p><em>Se procedi\u00f3 a la apertura de sobres para designar auditor contable (pedido sobre tablas y con car\u00e1cter urgente por el Bloque Radical en sesi\u00f3n ordinaria)<\/em><\/p>\n<p>Se presentaron 4 aspirantes al mencionado cargo:<\/p>\n<p>Los par\u00e1metros para la elecci\u00f3n de los mismos consensuados por los integrantes del cuerpo deliberativo fueron:<\/p>\n<p>Domicilio en la localidad de Ingeniero Luiggi<\/p>\n<p>Matricula profesional<\/p>\n<p>Habilitaci\u00f3n comercial del local donde profesional fije su domicilio laboral<\/p>\n<p>Idoneidad profesional (Experiencia profesional, trayectoria y profesionalismo)<\/p>\n<p>Presupuesto<\/p>\n<p>Los profesionales que reun\u00edan los requisitos exigidos resultaron los profesionales del medio Oscar Tello y Mauro Tello.<\/p>\n<p>Por decisi\u00f3n del Presidente del Concejo se determin\u00f3 que, cumplidos los requisitos formales, los par\u00e1metros para la elecci\u00f3n deber\u00edan ser la experiencia y\/o la oportunidad a j\u00f3venes profesionales del medio, aceptando todos los integrantes del cuerpo deliberativo votar en ese sentido.<\/p>\n<p>El profesional elegido por 6 votos a 2 para desempe\u00f1ar el cargo de auditor Contable result\u00f3 el Contador P\u00fablico Nacional Mauro Tello.<\/p>\n<p>El Bloque Radical tiene en su poder la grabaci\u00f3n de la votaci\u00f3n en vivo por los integrantes del Concejo Deliberante.<\/p>\n<p>&nbsp;<\/p>\n<div class=\"oasis-despues-del-contenido\" id=\"oasis-1517589476\"><img loading=\"lazy\" decoding=\"async\" src=\"https:\/\/oasisfm935.com.ar\/site\/wp-content\/uploads\/2020\/08\/47806202-8741-49f2-a5c9-d2f930e5baa1.jpg\" alt=\"\"  srcset=\"https:\/\/oasisfm935.com.ar\/site\/wp-content\/uploads\/2020\/08\/47806202-8741-49f2-a5c9-d2f930e5baa1.jpg 1080w, https:\/\/oasisfm935.com.ar\/site\/wp-content\/uploads\/2020\/08\/47806202-8741-49f2-a5c9-d2f930e5baa1-300x300.jpg 300w, https:\/\/oasisfm935.com.ar\/site\/wp-content\/uploads\/2020\/08\/47806202-8741-49f2-a5c9-d2f930e5baa1-1024x1024.jpg 1024w, https:\/\/oasisfm935.com.ar\/site\/wp-content\/uploads\/2020\/08\/47806202-8741-49f2-a5c9-d2f930e5baa1-150x150.jpg 150w, https:\/\/oasisfm935.com.ar\/site\/wp-content\/uploads\/2020\/08\/47806202-8741-49f2-a5c9-d2f930e5baa1-768x768.jpg 768w\" sizes=\"(max-width: 1080px) 100vw, 1080px\" class=\"no-lazyload\" width=\"1080\" height=\"1080\"  style=\"display: inline-block;\" \/><\/div>","protected":false},"excerpt":{"rendered":"<p>En la sesi\u00f3n ordinaria del d\u00eda 23 de junio conforme orden del d\u00eda se pusieron a consideraci\u00f3n proyectos de FREJUPA \u201cCreaci\u00f3n de<\/p>\n","protected":false},"author":4,"featured_media":5301,"comment_status":"closed","ping_status":"open","sticky":false,"template":"","format":"standard","meta":{"colormag_page_layout":"default_layout","footnotes":""},"categories":[2],"tags":[],"class_list":["post-5300","post","type-post","status-publish","format-standard","has-post-thumbnail","hentry","category-noticias"],"_links":{"self":[{"href":"https:\/\/oasisfm935.com.ar\/site\/wp-json\/wp\/v2\/posts\/5300","targetHints":{"allow":["GET"]}}],"collection":[{"href":"https:\/\/oasisfm935.com.ar\/site\/wp-json\/wp\/v2\/posts"}],"about":[{"href":"https:\/\/oasisfm935.com.ar\/site\/wp-json\/wp\/v2\/types\/post"}],"author":[{"embeddable":true,"href":"https:\/\/oasisfm935.com.ar\/site\/wp-json\/wp\/v2\/users\/4"}],"replies":[{"embeddable":true,"href":"https:\/\/oasisfm935.com.ar\/site\/wp-json\/wp\/v2\/comments?post=5300"}],"version-history":[{"count":1,"href":"https:\/\/oasisfm935.com.ar\/site\/wp-json\/wp\/v2\/posts\/5300\/revisions"}],"predecessor-version":[{"id":5302,"href":"https:\/\/oasisfm935.com.ar\/site\/wp-json\/wp\/v2\/posts\/5300\/revisions\/5302"}],"wp:featuredmedia":[{"embeddable":true,"href":"https:\/\/oasisfm935.com.ar\/site\/wp-json\/wp\/v2\/media\/5301"}],"wp:attachment":[{"href":"https:\/\/oasisfm935.com.ar\/site\/wp-json\/wp\/v2\/media?parent=5300"}],"wp:term":[{"taxonomy":"category","embeddable":true,"href":"https:\/\/oasisfm935.com.ar\/site\/wp-json\/wp\/v2\/categories?post=5300"},{"taxonomy":"post_tag","embeddable":true,"href":"https:\/\/oasisfm935.com.ar\/site\/wp-json\/wp\/v2\/tags?post=5300"}],"curies":[{"name":"wp","href":"https:\/\/api.w.org\/{rel}","templated":true}]}}