{"id":5303,"date":"2020-06-26T12:48:12","date_gmt":"2020-06-26T15:48:12","guid":{"rendered":"http:\/\/oasisfm935.com\/site\/?p=5303"},"modified":"2020-06-26T12:48:12","modified_gmt":"2020-06-26T15:48:12","slug":"la-pampa-renuncio-el-jefe-de-policia-roberto-ayala","status":"publish","type":"post","link":"https:\/\/oasisfm935.com.ar\/site\/la-pampa-renuncio-el-jefe-de-policia-roberto-ayala\/","title":{"rendered":"La Pampa: Renunci\u00f3 el jefe de polic\u00eda Roberto Ayala"},"content":{"rendered":"<p><strong>En su lugar asume el comisario H\u00e9ctor Lara<\/strong>, quien lo secundaba en el cargo. Ahora, el segundo jefe ser\u00e1 el comisario Ren\u00e9 \u00c1ngel Bossio.\u00a0<strong>\u00abUno no tiene que andar amagando&#8230;lo hice y punto, es por razones personales y para conservar mi salud\u00bb<\/strong>, dijo Ayala en di\u00e1logo con\u00a0<strong>El Diario<\/strong>.<\/p>\n<p>El comisario general (R) Roberto Ayala present\u00f3\u00a0 este viernes al gobernador Sergio Ziliotto su renuncia al cargo de Jefe de Polic\u00eda de la provincia de La Pampa y ser\u00e1 reemplazado por el cmisario general (R), H\u00e9ctor Osvaldo Lara.<\/p>\n<p>\u00abLa dimisi\u00f3n de Ayala fue aceptada y en su reemplazo asumir\u00e1 Lara, quien hasta la fecha se desempe\u00f1aba como Sub Jefe de la fuerza. El Comisario General (R) Ren\u00e9 \u00c1ngel Bossio, ser\u00e1 quien asuma la subjefatura, tal lo dispuesto por el mandatario provincial\u00bb, se indic\u00f3 en un comunicado de prensa oficial.<\/p>\n<p>En el mismo escrito oficial se indic\u00f3 que \u00abel gobernador Sergio Ziliotto puso de relieve el accionar del Comisario Roberto Ayala y destac\u00f3 que supo mantener alto el prestigio de la fuerza, haci\u00e9ndola merecedora del reconocimiento de la sociedad\u00bb.<\/p>\n<p>Asimismo, destac\u00f3 \u00abel profesionalismo de la fuerza\u00bb y valor\u00f3 \u00abla capacidad de Ayala para conducirla en tiempos de pandemia, en los que el personal policial cumple un rol esencial no solo para preservar el orden y la seguridad, sino como custodios de la salud de los pampeanos\u00bb.<\/p>\n<div class=\"oasis-despues-del-contenido\" id=\"oasis-2633689974\"><img loading=\"lazy\" decoding=\"async\" src=\"https:\/\/oasisfm935.com.ar\/site\/wp-content\/uploads\/2020\/08\/47806202-8741-49f2-a5c9-d2f930e5baa1.jpg\" alt=\"\"  srcset=\"https:\/\/oasisfm935.com.ar\/site\/wp-content\/uploads\/2020\/08\/47806202-8741-49f2-a5c9-d2f930e5baa1.jpg 1080w, https:\/\/oasisfm935.com.ar\/site\/wp-content\/uploads\/2020\/08\/47806202-8741-49f2-a5c9-d2f930e5baa1-300x300.jpg 300w, https:\/\/oasisfm935.com.ar\/site\/wp-content\/uploads\/2020\/08\/47806202-8741-49f2-a5c9-d2f930e5baa1-1024x1024.jpg 1024w, https:\/\/oasisfm935.com.ar\/site\/wp-content\/uploads\/2020\/08\/47806202-8741-49f2-a5c9-d2f930e5baa1-150x150.jpg 150w, https:\/\/oasisfm935.com.ar\/site\/wp-content\/uploads\/2020\/08\/47806202-8741-49f2-a5c9-d2f930e5baa1-768x768.jpg 768w\" sizes=\"(max-width: 1080px) 100vw, 1080px\" class=\"no-lazyload\" width=\"1080\" height=\"1080\"  style=\"display: inline-block;\" \/><\/div>","protected":false},"excerpt":{"rendered":"<p>En su lugar asume el comisario H\u00e9ctor Lara, quien lo secundaba en el cargo. Ahora, el segundo jefe ser\u00e1 el comisario Ren\u00e9<\/p>\n","protected":false},"author":4,"featured_media":5304,"comment_status":"closed","ping_status":"open","sticky":false,"template":"","format":"standard","meta":{"colormag_page_layout":"default_layout","footnotes":""},"categories":[2],"tags":[],"class_list":["post-5303","post","type-post","status-publish","format-standard","has-post-thumbnail","hentry","category-noticias"],"_links":{"self":[{"href":"https:\/\/oasisfm935.com.ar\/site\/wp-json\/wp\/v2\/posts\/5303","targetHints":{"allow":["GET"]}}],"collection":[{"href":"https:\/\/oasisfm935.com.ar\/site\/wp-json\/wp\/v2\/posts"}],"about":[{"href":"https:\/\/oasisfm935.com.ar\/site\/wp-json\/wp\/v2\/types\/post"}],"author":[{"embeddable":true,"href":"https:\/\/oasisfm935.com.ar\/site\/wp-json\/wp\/v2\/users\/4"}],"replies":[{"embeddable":true,"href":"https:\/\/oasisfm935.com.ar\/site\/wp-json\/wp\/v2\/comments?post=5303"}],"version-history":[{"count":1,"href":"https:\/\/oasisfm935.com.ar\/site\/wp-json\/wp\/v2\/posts\/5303\/revisions"}],"predecessor-version":[{"id":5305,"href":"https:\/\/oasisfm935.com.ar\/site\/wp-json\/wp\/v2\/posts\/5303\/revisions\/5305"}],"wp:featuredmedia":[{"embeddable":true,"href":"https:\/\/oasisfm935.com.ar\/site\/wp-json\/wp\/v2\/media\/5304"}],"wp:attachment":[{"href":"https:\/\/oasisfm935.com.ar\/site\/wp-json\/wp\/v2\/media?parent=5303"}],"wp:term":[{"taxonomy":"category","embeddable":true,"href":"https:\/\/oasisfm935.com.ar\/site\/wp-json\/wp\/v2\/categories?post=5303"},{"taxonomy":"post_tag","embeddable":true,"href":"https:\/\/oasisfm935.com.ar\/site\/wp-json\/wp\/v2\/tags?post=5303"}],"curies":[{"name":"wp","href":"https:\/\/api.w.org\/{rel}","templated":true}]}}