{"id":5310,"date":"2020-06-26T16:01:58","date_gmt":"2020-06-26T19:01:58","guid":{"rendered":"http:\/\/oasisfm935.com\/site\/?p=5310"},"modified":"2020-06-26T16:03:47","modified_gmt":"2020-06-26T19:03:47","slug":"el-gobernador-sergio-ziliotto-ya-esta-en-casa-rosada-vamos-a-defender-nuestros-rios-vamos-a-defender-nuestro-futuro","status":"publish","type":"post","link":"https:\/\/oasisfm935.com.ar\/site\/el-gobernador-sergio-ziliotto-ya-esta-en-casa-rosada-vamos-a-defender-nuestros-rios-vamos-a-defender-nuestro-futuro\/","title":{"rendered":"El Gobernador Sergio Ziliotto ya est\u00e1 en Casa Rosada  Vamos a defender nuestros r\u00edos, vamos a defender nuestro futuro."},"content":{"rendered":"<p>El gobernador Sergio Ziliotto ya se encuentra en la reuni\u00f3n con los representantes de CORICO y el ministro del Interior Wado de Pedro. El mandatario pampeano ingres\u00f3 a las 15.30 a la sala de los Escudos de Casa Rosada,<\/p>\n<p>Tal como adelant\u00f3 dosbases, Ziliotto participa de cuerpo presente en la reuni\u00f3n de COIRCO a la que tambi\u00e9n asistir\u00e1 el gobernador de Mendoza, Rodolfo Suarez. Los dem\u00e1s mandatarios que integran el Consejo de Gobierno del Comit\u00e9 Interjurisdiccional del R\u00edo Colorado (COIRCO), Axel Kicillof (Buenos Aires), Arabela Carreras (R\u00edo Negro) y Omar Guti\u00e9rrez (Neuqu\u00e9n), se sumar\u00e1n al encuentro de manera virtual.<\/p>\n<p><img decoding=\"async\" src=\"https:\/\/www.dosbases.com.ar\/wp-content\/uploads\/2020\/06\/Ziliotto-rosada-2.jpeg\" \/><\/p>\n<p>El encuentro se realiza en el Sal\u00f3n de los Escudos, en la Planta Baja de la Casa Rosada, y tambi\u00e9n participan el ministro del Interior, Eduardo \u201cWado\u201d de Pedro, el presidente de COIRCO, Javier Shlegel y el viceministro del Interior, Jos\u00e9 Lepere, todos respetando el protocolo de distanciamiento social.<\/p>\n<p>&nbsp;<\/p>\n<p>Vamos a defender nuestros r\u00edos, vamos a defender nuestro futuro\u201d, dijo Ziliotto a trav\u00e9s de su cuenta de Twitter.<\/p>\n<div class=\"SandboxRoot env-bp-350\" data-twitter-event-id=\"0\">\n<div id=\"twitter-widget-0\" class=\"EmbeddedTweet EmbeddedTweet--cta js-clickToOpenTarget\" lang=\"es\" data-click-to-open-target=\"https:\/\/twitter.com\/ZiliottoSergio\/status\/1276585211174805504\" data-iframe-title=\"Tweet de Twitter\" data-scribe=\"page:tweet\" data-twitter-event-id=\"1\">\n<div class=\"EmbeddedTweet-tweetContainer\">\n<div class=\"EmbeddedTweet-tweet\">\n<blockquote class=\"Tweet h-entry js-tweetIdInfo subject expanded\" cite=\"https:\/\/twitter.com\/ZiliottoSergio\/status\/1276585211174805504\" data-tweet-id=\"1276585211174805504\" data-scribe=\"section:subject\">\n<div class=\"Tweet-header\">\n<p><a class=\"TweetAuthor-avatar Identity-avatar u-linkBlend\" href=\"https:\/\/twitter.com\/ZiliottoSergio\" data-scribe=\"element:user_link\" aria-label=\"Sergio Ziliotto (nombre de pantalla: ZiliottoSergio)\"><img decoding=\"async\" class=\"Avatar\" src=\"https:\/\/pbs.twimg.com\/profile_images\/1215774291909914634\/vBm5uU4F_normal.jpg\" alt=\"\" data-scribe=\"element:avatar\" \/><\/a><\/p>\n<div class=\"TweetAuthor js-inViewportScribingTarget\" data-scribe=\"component:author\">\n<div class=\"TweetAuthor-nameScreenNameContainer\"><span class=\"TweetAuthor-decoratedName\"><span class=\"TweetAuthor-name Identity-name customisable-highlight\" title=\"Sergio Ziliotto\" data-scribe=\"element:name\">Sergio Ziliotto<\/span><\/span><span class=\"TweetAuthor-screenName Identity-screenName\" dir=\"ltr\" title=\"@ZiliottoSergio\" data-scribe=\"element:screen_name\">@ZiliottoSergio<\/span><\/div>\n<\/div>\n<div class=\"Tweet-brand\">\n<div class=\"Icon Icon--twitter \" title=\"Ver en Twitter\" role=\"presentation\" aria-label=\"Ver en Twitter\"><\/div>\n<\/div>\n<\/div>\n<div class=\"Tweet-body e-entry-content\" data-scribe=\"component:tweet\">\n<div class=\"Tweet-target js-inViewportScribingTarget\"><\/div>\n<p class=\"Tweet-text e-entry-title\" dir=\"ltr\" lang=\"es\"><a class=\"PrettyLink hashtag customisable\" href=\"https:\/\/twitter.com\/hashtag\/Ahora?src=hash\" rel=\"tag\" data-query-source=\"hashtag_click\" data-scribe=\"element:hashtag\"><span class=\"PrettyLink-prefix\">#<\/span><span class=\"PrettyLink-value\">Ahora<\/span><\/a> Casa Rosada<br \/>\nVamos a defender nuestros r\u00edos, vamos a defender nuestro futuro.<a class=\"PrettyLink hashtag customisable\" href=\"https:\/\/twitter.com\/hashtag\/luchahist%C3%B3rica?src=hash\" rel=\"tag\" data-query-source=\"hashtag_click\" data-scribe=\"element:hashtag\"><span class=\"PrettyLink-prefix\">#<\/span><span class=\"PrettyLink-value\">luchahist\u00f3rica<\/span><\/a><\/p>\n<div class=\"Tweet-card\">\n<article class=\"MediaCard customisable-border\" dir=\"ltr\" data-scribe=\"component:card\">\n<div class=\"MediaCard-media\" data-scribe=\"element:photo\">\n<div class=\"MediaCard-widthConstraint js-cspForcedStyle\" data-style=\"max-width: 1024px\">\n<div class=\"MediaCard-mediaContainer js-cspForcedStyle MediaCard--roundedTop MediaCard--roundedBottom\" data-style=\"padding-bottom: 66.6992%\"><a class=\"MediaCard-mediaAsset NaturalImage\" href=\"https:\/\/twitter.com\/ZiliottoSergio\/status\/1276585211174805504\/photo\/1\"><img loading=\"lazy\" decoding=\"async\" class=\"NaturalImage-image\" title=\"Ver imagen en Twitter\" src=\"https:\/\/pbs.twimg.com\/media\/EbdXekNXkAEEIPf?format=jpg&amp;name=small\" alt=\"Ver imagen en Twitter\" width=\"1024\" height=\"683\" data-image=\"https:\/\/pbs.twimg.com\/media\/EbdXekNXkAEEIPf\" data-image-format=\"jpg\" \/><\/a><\/div>\n<\/div>\n<\/div>\n<\/article>\n<\/div>\n<div class=\"TweetInfo\">\n<div class=\"TweetInfo-like\">\n<div data-scribe=\"element:heart\">\n<div class=\"Icon Icon--heart \" title=\"Me gusta\" role=\"img\" aria-label=\"Me gusta\"><\/div>\n<\/div>\n<p><a class=\"TweetInfo-heart\" title=\"Me gusta\" href=\"https:\/\/twitter.com\/intent\/like?tweet_id=1276585211174805504\" data-scribe=\"component:actions\"><span class=\"TweetInfo-heartStat\" data-scribe=\"element:heart_count\">40<\/span><\/a><\/p>\n<\/div>\n<div class=\"TweetInfo-timeGeo\"><a class=\"u-linkBlend u-url customisable-highlight long-permalink\" href=\"https:\/\/twitter.com\/ZiliottoSergio\/status\/1276585211174805504\" data-datetime=\"2020-06-26T18:36:46+0000\" data-scribe=\"element:full_timestamp\">15:36 &#8211; 26 jun. 2020<\/a><\/div>\n<div class=\"tweet-InformationCircle\" data-scribe=\"element:notice\"><a class=\"Icon Icon--informationCircleWhite js-inViewportScribingTarget\" title=\"Informaci\u00f3n y privacidad de Twitter Ads\" href=\"https:\/\/support.twitter.com\/articles\/20175256?ref_src=twsrc%5Etfw%7Ctwcamp%5Etweetembed%7Ctwterm%5E1276585211174805504&amp;ref_url=https%3A%2F%2Fwww.dosbases.com.ar%2F2020%2F06%2Fexclusivo-2b-donde-hay-que-estar-ziliotto-llego-a-la-rosada-para-participar-de-la-reunion-de-coirco%2F\" target=\"_blank\" rel=\"noopener noreferrer\" data-url-ref-attrs-injected=\"true\"><span class=\"u-hiddenVisually\">Informaci\u00f3n y privacidad de Twitter Ads<\/span><\/a><\/div>\n<\/div>\n<\/div>\n<\/blockquote>\n<\/div>\n<div class=\"CallToAction-icon\" data-scribe=\"element:profile_icon\">\n<div class=\"Icon Icon--profileCTA \" title=\"Ver perfil en Twitter\" role=\"img\" aria-label=\"Ver perfil en Twitter\"><\/div>\n<\/div>\n<div class=\"CallToAction-text\" data-scribe=\"element:profile_text\">Ver los otros Tweets de Sergio Ziliotto<\/div>\n<div class=\"CallToAction-chevron\" data-scribe=\"element:cta_chevron\"><\/div>\n<\/div>\n<\/div>\n<\/div>\n<div class=\"Tweet-body e-entry-content\" data-scribe=\"component:tweet\">\n<div class=\"Tweet-card\">\n<article class=\"MediaCard customisable-border\" dir=\"ltr\" data-scribe=\"component:card\">\n<div class=\"MediaCard-media\" data-scribe=\"element:photo\">\n<div class=\"MediaCard-widthConstraint js-cspForcedStyle\" data-style=\"max-width: 1024px\">\n<div class=\"MediaCard-mediaContainer js-cspForcedStyle MediaCard--roundedTop MediaCard--roundedBottom\" data-style=\"padding-bottom: 66.6992%\">\n<p>Mientras en Mendoza aseguran que la obra continuar\u00e1 y el gobernador radical Rodolfo Su\u00e1rez se prepara para realizar la licitaci\u00f3n por m\u00e1s de U$S 1.000 millones, las cuatro provincias restantes del Coirco buscan detenerla hasta que se lleve a cabo un estudio integral del impacto mediambiental en la cuenca.<\/p>\n<p>Ziliotto ya adelant\u00f3 que insistir\u00e1 junto a sus pares de Neuqu\u00e9n, R\u00edo Negro y Buenos Aires con un nuevo estudio de impacto ambiental. Esa posici\u00f3n no va a cambiar y pone a Mendoza en una situaci\u00f3n inc\u00f3moda.<\/p>\n<p>FUENTE: 2b<\/p>\n<p>&nbsp;<\/p>\n<\/div>\n<\/div>\n<\/div>\n<\/article>\n<\/div>\n<\/div>\n<div class=\"oasis-despues-del-contenido\" id=\"oasis-3279313206\"><img loading=\"lazy\" decoding=\"async\" src=\"https:\/\/oasisfm935.com.ar\/site\/wp-content\/uploads\/2020\/08\/47806202-8741-49f2-a5c9-d2f930e5baa1.jpg\" alt=\"\"  srcset=\"https:\/\/oasisfm935.com.ar\/site\/wp-content\/uploads\/2020\/08\/47806202-8741-49f2-a5c9-d2f930e5baa1.jpg 1080w, https:\/\/oasisfm935.com.ar\/site\/wp-content\/uploads\/2020\/08\/47806202-8741-49f2-a5c9-d2f930e5baa1-300x300.jpg 300w, https:\/\/oasisfm935.com.ar\/site\/wp-content\/uploads\/2020\/08\/47806202-8741-49f2-a5c9-d2f930e5baa1-1024x1024.jpg 1024w, https:\/\/oasisfm935.com.ar\/site\/wp-content\/uploads\/2020\/08\/47806202-8741-49f2-a5c9-d2f930e5baa1-150x150.jpg 150w, https:\/\/oasisfm935.com.ar\/site\/wp-content\/uploads\/2020\/08\/47806202-8741-49f2-a5c9-d2f930e5baa1-768x768.jpg 768w\" sizes=\"(max-width: 1080px) 100vw, 1080px\" class=\"no-lazyload\" width=\"1080\" height=\"1080\"  style=\"display: inline-block;\" \/><\/div>","protected":false},"excerpt":{"rendered":"<p>El gobernador Sergio Ziliotto ya se encuentra en la reuni\u00f3n con los representantes de CORICO y el ministro del Interior Wado de<\/p>\n","protected":false},"author":4,"featured_media":5311,"comment_status":"closed","ping_status":"open","sticky":false,"template":"","format":"standard","meta":{"colormag_page_layout":"default_layout","footnotes":""},"categories":[2],"tags":[],"class_list":["post-5310","post","type-post","status-publish","format-standard","has-post-thumbnail","hentry","category-noticias"],"_links":{"self":[{"href":"https:\/\/oasisfm935.com.ar\/site\/wp-json\/wp\/v2\/posts\/5310","targetHints":{"allow":["GET"]}}],"collection":[{"href":"https:\/\/oasisfm935.com.ar\/site\/wp-json\/wp\/v2\/posts"}],"about":[{"href":"https:\/\/oasisfm935.com.ar\/site\/wp-json\/wp\/v2\/types\/post"}],"author":[{"embeddable":true,"href":"https:\/\/oasisfm935.com.ar\/site\/wp-json\/wp\/v2\/users\/4"}],"replies":[{"embeddable":true,"href":"https:\/\/oasisfm935.com.ar\/site\/wp-json\/wp\/v2\/comments?post=5310"}],"version-history":[{"count":3,"href":"https:\/\/oasisfm935.com.ar\/site\/wp-json\/wp\/v2\/posts\/5310\/revisions"}],"predecessor-version":[{"id":5314,"href":"https:\/\/oasisfm935.com.ar\/site\/wp-json\/wp\/v2\/posts\/5310\/revisions\/5314"}],"wp:featuredmedia":[{"embeddable":true,"href":"https:\/\/oasisfm935.com.ar\/site\/wp-json\/wp\/v2\/media\/5311"}],"wp:attachment":[{"href":"https:\/\/oasisfm935.com.ar\/site\/wp-json\/wp\/v2\/media?parent=5310"}],"wp:term":[{"taxonomy":"category","embeddable":true,"href":"https:\/\/oasisfm935.com.ar\/site\/wp-json\/wp\/v2\/categories?post=5310"},{"taxonomy":"post_tag","embeddable":true,"href":"https:\/\/oasisfm935.com.ar\/site\/wp-json\/wp\/v2\/tags?post=5310"}],"curies":[{"name":"wp","href":"https:\/\/api.w.org\/{rel}","templated":true}]}}