{"id":5319,"date":"2020-06-26T19:05:40","date_gmt":"2020-06-26T22:05:40","guid":{"rendered":"http:\/\/oasisfm935.com\/site\/?p=5319"},"modified":"2020-06-26T19:05:40","modified_gmt":"2020-06-26T22:05:40","slug":"portezuelo-coirco-pidio-un-nuevo-estudio-de-impacto-ambiental","status":"publish","type":"post","link":"https:\/\/oasisfm935.com.ar\/site\/portezuelo-coirco-pidio-un-nuevo-estudio-de-impacto-ambiental\/","title":{"rendered":"Portezuelo: COIRCO pidi\u00f3 un nuevo estudio de impacto ambiental"},"content":{"rendered":"<p>Finaliz\u00f3 la reuni\u00f3n de COIRCO y La Pampa consigui\u00f3 el apoyo de Buenos Aires, Rio Negro y Neuqu\u00e9n en base a la ley 23879<\/p>\n<p>A poco de terminar el encuentro, el gobernador Sergio Ziliotto inform\u00f3 que \u201cel Consejo de Gobierno del COIRCO aprob\u00f3 realizar un Estudio de Impacto Ambiental en todo el R\u00edo Colorado\u201d.<\/p>\n<p>Consider\u00f3 que es \u201cun enorme paso en la defensa de nuestros r\u00edos, bandera irrenunciable de toda La Pampa. Y un gran reconocimiento a la solitaria lucha de Carlos Verna\u201d, destac\u00f3.<\/p>\n<p>\u00abVamos a defender nuestros r\u00edos, vamos a defender nuestro futuro\u00bb, se\u00f1al\u00f3 el mandatario en las redes sociales.<\/p>\n<p>La decisi\u00f3n del Comit\u00e9 Interjurisdiccional del R\u00edo Colorado favorece la posici\u00f3n de La Pampa, que hab\u00eda impugnado el estudio de impacto ambiental que present\u00f3 Mendoza y luego aval\u00f3 el expresidente Mauricio Macri con su laudo en favor de la provincia vecina.<\/p>\n<p>A partir de la decisi\u00f3n del gobierno de Cambiemos, Mendoza recibi\u00f3 los fondos para construirla y la habilitaci\u00f3n para llamar a licitaci\u00f3n. Macri pag\u00f3 el primer bono y Alberto Fern\u00e1ndez el segundo. el tercero se tiene que hacer el 28 de julio.<\/p>\n<div class=\"avPlayerWrapper avVideo\">\n<div class=\"avPlayerContainer\">\n<div id=\"AVPlayerID_0_4661cd5367bd412f1de3cc2cd12bee2e\" class=\"avPlayerBlock\"><\/div>\n<\/div>\n<\/div>\n<p><strong>La previa<\/strong><\/p>\n<p>A la reuni\u00f3n se llega luego de que el ministro del Interior, Wado De Pedro, anulara el laudo presidencial de Mauricio Macri que permiti\u00f3 el llamado a licitaci\u00f3n y la asignaci\u00f3n de presupuesto.<\/p>\n<p>De Pedro afirm\u00f3 en los fundamentos que la obra deber realizarse con el consenso de todas las provincias que integran el Comit\u00e9 Interjurisdiccional del R\u00edo Colorado.<\/p>\n<p>Esta semana, el gobernador de Mendoza, Rodolfo Su\u00e1rez, elev\u00f3 una propuesta para evitar que lo obliguen a realizar un nuevo estudio de impacto ambiental. En ella propuso que las provincias puedan designar veedores durante la construcci\u00f3n y el llenado de la represa. Adem\u00e1s, que instalen una oficina en Portezuelo del Viento y un fondo fidiuciario de 5 millones de d\u00f3lares por posibles incumplimientos de parte de Mendoza.<\/p>\n<p>&nbsp;<\/p>\n<div class=\"oasis-despues-del-contenido\" id=\"oasis-3646559526\"><img loading=\"lazy\" decoding=\"async\" src=\"https:\/\/oasisfm935.com.ar\/site\/wp-content\/uploads\/2020\/08\/47806202-8741-49f2-a5c9-d2f930e5baa1.jpg\" alt=\"\"  srcset=\"https:\/\/oasisfm935.com.ar\/site\/wp-content\/uploads\/2020\/08\/47806202-8741-49f2-a5c9-d2f930e5baa1.jpg 1080w, https:\/\/oasisfm935.com.ar\/site\/wp-content\/uploads\/2020\/08\/47806202-8741-49f2-a5c9-d2f930e5baa1-300x300.jpg 300w, https:\/\/oasisfm935.com.ar\/site\/wp-content\/uploads\/2020\/08\/47806202-8741-49f2-a5c9-d2f930e5baa1-1024x1024.jpg 1024w, https:\/\/oasisfm935.com.ar\/site\/wp-content\/uploads\/2020\/08\/47806202-8741-49f2-a5c9-d2f930e5baa1-150x150.jpg 150w, https:\/\/oasisfm935.com.ar\/site\/wp-content\/uploads\/2020\/08\/47806202-8741-49f2-a5c9-d2f930e5baa1-768x768.jpg 768w\" sizes=\"(max-width: 1080px) 100vw, 1080px\" class=\"no-lazyload\" width=\"1080\" height=\"1080\"  style=\"display: inline-block;\" \/><\/div>","protected":false},"excerpt":{"rendered":"<p>Finaliz\u00f3 la reuni\u00f3n de COIRCO y La Pampa consigui\u00f3 el apoyo de Buenos Aires, Rio Negro y Neuqu\u00e9n en base a la<\/p>\n","protected":false},"author":4,"featured_media":5320,"comment_status":"closed","ping_status":"open","sticky":false,"template":"","format":"standard","meta":{"colormag_page_layout":"default_layout","footnotes":""},"categories":[2],"tags":[],"class_list":["post-5319","post","type-post","status-publish","format-standard","has-post-thumbnail","hentry","category-noticias"],"_links":{"self":[{"href":"https:\/\/oasisfm935.com.ar\/site\/wp-json\/wp\/v2\/posts\/5319","targetHints":{"allow":["GET"]}}],"collection":[{"href":"https:\/\/oasisfm935.com.ar\/site\/wp-json\/wp\/v2\/posts"}],"about":[{"href":"https:\/\/oasisfm935.com.ar\/site\/wp-json\/wp\/v2\/types\/post"}],"author":[{"embeddable":true,"href":"https:\/\/oasisfm935.com.ar\/site\/wp-json\/wp\/v2\/users\/4"}],"replies":[{"embeddable":true,"href":"https:\/\/oasisfm935.com.ar\/site\/wp-json\/wp\/v2\/comments?post=5319"}],"version-history":[{"count":1,"href":"https:\/\/oasisfm935.com.ar\/site\/wp-json\/wp\/v2\/posts\/5319\/revisions"}],"predecessor-version":[{"id":5321,"href":"https:\/\/oasisfm935.com.ar\/site\/wp-json\/wp\/v2\/posts\/5319\/revisions\/5321"}],"wp:featuredmedia":[{"embeddable":true,"href":"https:\/\/oasisfm935.com.ar\/site\/wp-json\/wp\/v2\/media\/5320"}],"wp:attachment":[{"href":"https:\/\/oasisfm935.com.ar\/site\/wp-json\/wp\/v2\/media?parent=5319"}],"wp:term":[{"taxonomy":"category","embeddable":true,"href":"https:\/\/oasisfm935.com.ar\/site\/wp-json\/wp\/v2\/categories?post=5319"},{"taxonomy":"post_tag","embeddable":true,"href":"https:\/\/oasisfm935.com.ar\/site\/wp-json\/wp\/v2\/tags?post=5319"}],"curies":[{"name":"wp","href":"https:\/\/api.w.org\/{rel}","templated":true}]}}