{"id":5323,"date":"2020-06-29T08:44:37","date_gmt":"2020-06-29T11:44:37","guid":{"rendered":"http:\/\/oasisfm935.com\/site\/?p=5323"},"modified":"2020-06-29T09:58:06","modified_gmt":"2020-06-29T12:58:06","slug":"conmocion-en-caleufu-murieron-dos-jovenes-al-chocar-contra-una-planta","status":"publish","type":"post","link":"https:\/\/oasisfm935.com.ar\/site\/conmocion-en-caleufu-murieron-dos-jovenes-al-chocar-contra-una-planta\/","title":{"rendered":"Conmoci\u00f3n en Caleuf\u00fa: murieron dos j\u00f3venes al chocar contra una planta"},"content":{"rendered":"<div>\n<p><strong>El siniestro ocurri\u00f3 alrededor de las 2:45 horas<\/strong>. Los cuerpos fueron hallados por una patrulla alrededor de las 4:00 horas.<\/p>\n<p>La localidad de Caleuf\u00fa esta conmocionada por un tr\u00e1gico siniestro vial ocurrido durante la madrugada de este lunes: un muchacho de 25 a\u00f1os y una chica de 23 perdieron la vida en un camino vecinal, en las afueras del pueblo, luego de chocar contra una arboleda.<\/p>\n<p>&nbsp;<\/p>\n<p><a href=\"http:\/\/oasisfm935.com\/site\/wp-content\/uploads\/2020\/06\/WhatsApp-Image-2020-06-29-at-08.53.25.jpeg\"><img loading=\"lazy\" decoding=\"async\" class=\"alignnone size-full wp-image-5326\" src=\"http:\/\/oasisfm935.com\/site\/wp-content\/uploads\/2020\/06\/WhatsApp-Image-2020-06-29-at-08.53.25.jpeg\" alt=\"\" width=\"1280\" height=\"960\" srcset=\"https:\/\/oasisfm935.com.ar\/site\/wp-content\/uploads\/2020\/06\/WhatsApp-Image-2020-06-29-at-08.53.25.jpeg 1280w, https:\/\/oasisfm935.com.ar\/site\/wp-content\/uploads\/2020\/06\/WhatsApp-Image-2020-06-29-at-08.53.25-300x225.jpeg 300w, https:\/\/oasisfm935.com.ar\/site\/wp-content\/uploads\/2020\/06\/WhatsApp-Image-2020-06-29-at-08.53.25-1024x768.jpeg 1024w, https:\/\/oasisfm935.com.ar\/site\/wp-content\/uploads\/2020\/06\/WhatsApp-Image-2020-06-29-at-08.53.25-768x576.jpeg 768w\" sizes=\"auto, (max-width: 1280px) 100vw, 1280px\" \/><\/a><\/p>\n<\/div>\n<div class=\"col-12 text-right share-btns\">\n<p>De acuerdo a lo que pudo saber\u00a0<strong>El Diario<\/strong>, las personas fallecidas fueron identificadas como\u00a0<strong>Gabriel\u00a0Acosta<\/strong>\u00a0(22) y\u00a0<strong>N\u00e9lida Ortellado\u00a0<\/strong>(21). Seg\u00fan fuentes policiales, el hecho ocurri\u00f3 alrededor de las 2:45 de la madrugada y los cuerpos fueron hallados alrededor de las 4:00, durante una recorrida de rutina que hac\u00eda una patrulla por los caminos vecinales.<\/p>\n<p>Acosta y Ortellado se movilizaban a bordo de una Fiat Palio. El comisario de Caleuf\u00fa, Javier Resch, confirm\u00f3 que\u00a0<strong>\u201cel conductor perdi\u00f3 el control del veh\u00edculo y termin\u00f3 volcado en un camino vecinal ubicado en la zona de quintas\u201d.<\/strong><\/p>\n<\/div>\n<div class=\"oasis-despues-del-contenido\" id=\"oasis-2702596134\"><img loading=\"lazy\" decoding=\"async\" src=\"https:\/\/oasisfm935.com.ar\/site\/wp-content\/uploads\/2020\/08\/47806202-8741-49f2-a5c9-d2f930e5baa1.jpg\" alt=\"\"  srcset=\"https:\/\/oasisfm935.com.ar\/site\/wp-content\/uploads\/2020\/08\/47806202-8741-49f2-a5c9-d2f930e5baa1.jpg 1080w, https:\/\/oasisfm935.com.ar\/site\/wp-content\/uploads\/2020\/08\/47806202-8741-49f2-a5c9-d2f930e5baa1-300x300.jpg 300w, https:\/\/oasisfm935.com.ar\/site\/wp-content\/uploads\/2020\/08\/47806202-8741-49f2-a5c9-d2f930e5baa1-1024x1024.jpg 1024w, https:\/\/oasisfm935.com.ar\/site\/wp-content\/uploads\/2020\/08\/47806202-8741-49f2-a5c9-d2f930e5baa1-150x150.jpg 150w, https:\/\/oasisfm935.com.ar\/site\/wp-content\/uploads\/2020\/08\/47806202-8741-49f2-a5c9-d2f930e5baa1-768x768.jpg 768w\" sizes=\"(max-width: 1080px) 100vw, 1080px\" class=\"no-lazyload\" width=\"1080\" height=\"1080\"  style=\"display: inline-block;\" \/><\/div>","protected":false},"excerpt":{"rendered":"<p>El siniestro ocurri\u00f3 alrededor de las 2:45 horas. Los cuerpos fueron hallados por una patrulla alrededor de las 4:00 horas. La localidad<\/p>\n","protected":false},"author":4,"featured_media":5325,"comment_status":"closed","ping_status":"open","sticky":false,"template":"","format":"standard","meta":{"colormag_page_layout":"default_layout","footnotes":""},"categories":[2],"tags":[],"class_list":["post-5323","post","type-post","status-publish","format-standard","has-post-thumbnail","hentry","category-noticias"],"_links":{"self":[{"href":"https:\/\/oasisfm935.com.ar\/site\/wp-json\/wp\/v2\/posts\/5323","targetHints":{"allow":["GET"]}}],"collection":[{"href":"https:\/\/oasisfm935.com.ar\/site\/wp-json\/wp\/v2\/posts"}],"about":[{"href":"https:\/\/oasisfm935.com.ar\/site\/wp-json\/wp\/v2\/types\/post"}],"author":[{"embeddable":true,"href":"https:\/\/oasisfm935.com.ar\/site\/wp-json\/wp\/v2\/users\/4"}],"replies":[{"embeddable":true,"href":"https:\/\/oasisfm935.com.ar\/site\/wp-json\/wp\/v2\/comments?post=5323"}],"version-history":[{"count":4,"href":"https:\/\/oasisfm935.com.ar\/site\/wp-json\/wp\/v2\/posts\/5323\/revisions"}],"predecessor-version":[{"id":5329,"href":"https:\/\/oasisfm935.com.ar\/site\/wp-json\/wp\/v2\/posts\/5323\/revisions\/5329"}],"wp:featuredmedia":[{"embeddable":true,"href":"https:\/\/oasisfm935.com.ar\/site\/wp-json\/wp\/v2\/media\/5325"}],"wp:attachment":[{"href":"https:\/\/oasisfm935.com.ar\/site\/wp-json\/wp\/v2\/media?parent=5323"}],"wp:term":[{"taxonomy":"category","embeddable":true,"href":"https:\/\/oasisfm935.com.ar\/site\/wp-json\/wp\/v2\/categories?post=5323"},{"taxonomy":"post_tag","embeddable":true,"href":"https:\/\/oasisfm935.com.ar\/site\/wp-json\/wp\/v2\/tags?post=5323"}],"curies":[{"name":"wp","href":"https:\/\/api.w.org\/{rel}","templated":true}]}}