{"id":5331,"date":"2020-06-29T12:33:52","date_gmt":"2020-06-29T15:33:52","guid":{"rendered":"http:\/\/oasisfm935.com\/site\/?p=5331"},"modified":"2020-06-29T12:38:45","modified_gmt":"2020-06-29T15:38:45","slug":"crimen-de-rancul-condenaron-con-perpetua-a-los-acusados-del-doble-crimen","status":"publish","type":"post","link":"https:\/\/oasisfm935.com.ar\/site\/crimen-de-rancul-condenaron-con-perpetua-a-los-acusados-del-doble-crimen\/","title":{"rendered":"Crimen de Rancul: Condenaron con perpetua a los acusados del doble crimen."},"content":{"rendered":"<h3><\/h3>\n<article class=\"article-body first\">\n<div class=\"article-content selectionShareable\">\n<div class=\"cuerpo\" data-twitter-link=\"\">\n<p>Se conoci\u00f3 hoy al mediod\u00eda la sentencia contra Ramiro L\u00e1zaro Pino, de 24 a\u00f1os, y Gast\u00f3n Ezequiel Quintero , de 19 a\u00f1os, por el presunto homicidio \u00a0de Jacinto Atilio Tallone (79 a\u00f1os) y H\u00e9ctor Ceferino Lapettina (88 a\u00f1os) ocurridos el 10 de noviembre de 2019 en la localidad de Rancul.<\/p>\n<\/div>\n<\/div>\n<\/article>\n<div class=\"banner-libre\">\n<div id=\"eplAdDivinline\"><\/div>\n<\/div>\n<article class=\"article-body\">\n<div class=\"article-content selectionShareable\">\n<div class=\"cuerpo\" data-twitter-link=\"\">\n<p>Fueron condenados a perpetua.<\/p>\n<p>Fue en la Sala 1 del Edificio Judicial de Genera lPico, a cargo de un Tribunal Colegiado presidido por el juez de audiencia de juicio Carlos Federico Pellegrino y los jueces de audiencia de juicio Mar\u00eda Jos\u00e9 Gianinetto y Marcelo Luis Pagano. Los representantes del Ministerio P\u00fablico Fiscal son el fiscal general ArmandoAguero\u00a0y los fiscales Mar\u00eda Ver\u00f3nica Campo y Dami\u00e1n Campos. Por su parte, los defensores oficiales de los imputados son Walter Vaccaro en representaci\u00f3n del imputado Ramiro Pino y Mauro Fern\u00e1ndez, por el imputado Gast\u00f3n Quintero.<\/p>\n<p>Diario La Reforma<\/p>\n<p>https:\/\/www.youtube.com\/watch?v=EMO8_p1uQjI&#038;feature=youtu.be<\/p>\n<\/div>\n<\/div>\n<\/article>\n<div class=\"oasis-despues-del-contenido\" id=\"oasis-2985253569\"><img loading=\"lazy\" decoding=\"async\" src=\"https:\/\/oasisfm935.com.ar\/site\/wp-content\/uploads\/2020\/08\/47806202-8741-49f2-a5c9-d2f930e5baa1.jpg\" alt=\"\"  srcset=\"https:\/\/oasisfm935.com.ar\/site\/wp-content\/uploads\/2020\/08\/47806202-8741-49f2-a5c9-d2f930e5baa1.jpg 1080w, https:\/\/oasisfm935.com.ar\/site\/wp-content\/uploads\/2020\/08\/47806202-8741-49f2-a5c9-d2f930e5baa1-300x300.jpg 300w, https:\/\/oasisfm935.com.ar\/site\/wp-content\/uploads\/2020\/08\/47806202-8741-49f2-a5c9-d2f930e5baa1-1024x1024.jpg 1024w, https:\/\/oasisfm935.com.ar\/site\/wp-content\/uploads\/2020\/08\/47806202-8741-49f2-a5c9-d2f930e5baa1-150x150.jpg 150w, https:\/\/oasisfm935.com.ar\/site\/wp-content\/uploads\/2020\/08\/47806202-8741-49f2-a5c9-d2f930e5baa1-768x768.jpg 768w\" sizes=\"(max-width: 1080px) 100vw, 1080px\" class=\"no-lazyload\" width=\"1080\" height=\"1080\"  style=\"display: inline-block;\" \/><\/div>","protected":false},"excerpt":{"rendered":"<p>Se conoci\u00f3 hoy al mediod\u00eda la sentencia contra Ramiro L\u00e1zaro Pino, de 24 a\u00f1os, y Gast\u00f3n Ezequiel Quintero , de 19 a\u00f1os,<\/p>\n","protected":false},"author":4,"featured_media":5333,"comment_status":"closed","ping_status":"open","sticky":false,"template":"","format":"standard","meta":{"colormag_page_layout":"default_layout","footnotes":""},"categories":[2],"tags":[],"class_list":["post-5331","post","type-post","status-publish","format-standard","has-post-thumbnail","hentry","category-noticias"],"_links":{"self":[{"href":"https:\/\/oasisfm935.com.ar\/site\/wp-json\/wp\/v2\/posts\/5331","targetHints":{"allow":["GET"]}}],"collection":[{"href":"https:\/\/oasisfm935.com.ar\/site\/wp-json\/wp\/v2\/posts"}],"about":[{"href":"https:\/\/oasisfm935.com.ar\/site\/wp-json\/wp\/v2\/types\/post"}],"author":[{"embeddable":true,"href":"https:\/\/oasisfm935.com.ar\/site\/wp-json\/wp\/v2\/users\/4"}],"replies":[{"embeddable":true,"href":"https:\/\/oasisfm935.com.ar\/site\/wp-json\/wp\/v2\/comments?post=5331"}],"version-history":[{"count":6,"href":"https:\/\/oasisfm935.com.ar\/site\/wp-json\/wp\/v2\/posts\/5331\/revisions"}],"predecessor-version":[{"id":5339,"href":"https:\/\/oasisfm935.com.ar\/site\/wp-json\/wp\/v2\/posts\/5331\/revisions\/5339"}],"wp:featuredmedia":[{"embeddable":true,"href":"https:\/\/oasisfm935.com.ar\/site\/wp-json\/wp\/v2\/media\/5333"}],"wp:attachment":[{"href":"https:\/\/oasisfm935.com.ar\/site\/wp-json\/wp\/v2\/media?parent=5331"}],"wp:term":[{"taxonomy":"category","embeddable":true,"href":"https:\/\/oasisfm935.com.ar\/site\/wp-json\/wp\/v2\/categories?post=5331"},{"taxonomy":"post_tag","embeddable":true,"href":"https:\/\/oasisfm935.com.ar\/site\/wp-json\/wp\/v2\/tags?post=5331"}],"curies":[{"name":"wp","href":"https:\/\/api.w.org\/{rel}","templated":true}]}}