{"id":5348,"date":"2020-06-29T18:20:01","date_gmt":"2020-06-29T21:20:01","guid":{"rendered":"http:\/\/oasisfm935.com\/site\/?p=5348"},"modified":"2020-06-29T18:20:01","modified_gmt":"2020-06-29T21:20:01","slug":"gravisimo-accidente-en-la-ruta-4-pasando-trenel-un-tractor-con-monotolva-volco-y-el-conductor-fue-hospitalizado-con-heridas","status":"publish","type":"post","link":"https:\/\/oasisfm935.com.ar\/site\/gravisimo-accidente-en-la-ruta-4-pasando-trenel-un-tractor-con-monotolva-volco-y-el-conductor-fue-hospitalizado-con-heridas\/","title":{"rendered":"Grav\u00edsimo accidente en la Ruta 4 pasando Trenel: Un tractor con monotolva volc\u00f3 y el conductor fue hospitalizado con heridas"},"content":{"rendered":"<p><strong><em>Esta tarde, un tractor marca Fiat que llevaba de tiro una monotolva, una cisterna y una casilla, protagoniz\u00f3 un importante vuelco en la Ruta Provincial 4 pasando el kil\u00f3metro 85.<\/em><\/strong><\/p>\n<p>Todo sucedi\u00f3 cuando el tractor con la monotolva iba desde Trenel hacia el cruce de la Ruta 35, de frente ven\u00eda una camioneta con un carret\u00f3n. En eso, se desprende el carret\u00f3n que pega en el enganche del tractor, lo cual hace que se frene instant\u00e1neamente, por eso se da vuelta y aplasta la monotolva.<\/p>\n<p><img decoding=\"async\" src=\"https:\/\/www.infopico.com\/wp-content\/uploads\/2020\/06\/WhatsApp-Image-2020-06-29-at-17.44.53-rotated.jpeg\" \/><\/p>\n<p>&nbsp;<\/p>\n<p>Desgraciadamente, la monotolva lo dio vuelta y lo aplast\u00f3.<\/p>\n<div style=\"width: 640px;\" class=\"wp-video\"><video class=\"wp-video-shortcode\" id=\"video-5348-1\" width=\"640\" height=\"352\" preload=\"metadata\" controls=\"controls\"><source type=\"video\/mp4\" src=\"http:\/\/oasisfm935.com\/site\/wp-content\/uploads\/2020\/06\/Accidente-en-Ruta-4-pasando-Trenel-Un-tractor-con-monotolva-volc\u00f3-y-el-conductor-fue-hospitalizado.mp4?_=1\" \/><a href=\"http:\/\/oasisfm935.com\/site\/wp-content\/uploads\/2020\/06\/Accidente-en-Ruta-4-pasando-Trenel-Un-tractor-con-monotolva-volc\u00f3-y-el-conductor-fue-hospitalizado.mp4\">http:\/\/oasisfm935.com\/site\/wp-content\/uploads\/2020\/06\/Accidente-en-Ruta-4-pasando-Trenel-Un-tractor-con-monotolva-volc\u00f3-y-el-conductor-fue-hospitalizado.mp4<\/a><\/video><\/div>\n<p>El conductor del tractor, result\u00f3 herido y fue trasladado en ambulancia a Trenel.<\/p>\n<figure class=\"wp-block-embed-youtube wp-block-embed is-type-video is-provider-youtube wp-embed-aspect-16-9 wp-has-aspect-ratio\">\n<div class=\"wp-block-embed__wrapper\"><img decoding=\"async\" src=\"https:\/\/www.infopico.com\/wp-content\/uploads\/2020\/06\/WhatsApp-Image-2020-06-29-at-17.44.54.jpeg\" \/><\/div>\n<div><\/div>\n<div class=\"wp-block-embed__wrapper\"><\/div>\n<div>Info pico<\/div>\n<div><\/div>\n<\/figure>\n<div class=\"oasis-despues-del-contenido\" id=\"oasis-2371850086\"><img loading=\"lazy\" decoding=\"async\" src=\"https:\/\/oasisfm935.com.ar\/site\/wp-content\/uploads\/2020\/08\/47806202-8741-49f2-a5c9-d2f930e5baa1.jpg\" alt=\"\"  srcset=\"https:\/\/oasisfm935.com.ar\/site\/wp-content\/uploads\/2020\/08\/47806202-8741-49f2-a5c9-d2f930e5baa1.jpg 1080w, https:\/\/oasisfm935.com.ar\/site\/wp-content\/uploads\/2020\/08\/47806202-8741-49f2-a5c9-d2f930e5baa1-300x300.jpg 300w, https:\/\/oasisfm935.com.ar\/site\/wp-content\/uploads\/2020\/08\/47806202-8741-49f2-a5c9-d2f930e5baa1-1024x1024.jpg 1024w, https:\/\/oasisfm935.com.ar\/site\/wp-content\/uploads\/2020\/08\/47806202-8741-49f2-a5c9-d2f930e5baa1-150x150.jpg 150w, https:\/\/oasisfm935.com.ar\/site\/wp-content\/uploads\/2020\/08\/47806202-8741-49f2-a5c9-d2f930e5baa1-768x768.jpg 768w\" sizes=\"(max-width: 1080px) 100vw, 1080px\" class=\"no-lazyload\" width=\"1080\" height=\"1080\"  style=\"display: inline-block;\" \/><\/div>","protected":false},"excerpt":{"rendered":"<p>Esta tarde, un tractor marca Fiat que llevaba de tiro una monotolva, una cisterna y una casilla, protagoniz\u00f3 un importante vuelco en<\/p>\n","protected":false},"author":4,"featured_media":5350,"comment_status":"closed","ping_status":"open","sticky":false,"template":"","format":"standard","meta":{"colormag_page_layout":"default_layout","footnotes":""},"categories":[2],"tags":[],"class_list":["post-5348","post","type-post","status-publish","format-standard","has-post-thumbnail","hentry","category-noticias"],"_links":{"self":[{"href":"https:\/\/oasisfm935.com.ar\/site\/wp-json\/wp\/v2\/posts\/5348","targetHints":{"allow":["GET"]}}],"collection":[{"href":"https:\/\/oasisfm935.com.ar\/site\/wp-json\/wp\/v2\/posts"}],"about":[{"href":"https:\/\/oasisfm935.com.ar\/site\/wp-json\/wp\/v2\/types\/post"}],"author":[{"embeddable":true,"href":"https:\/\/oasisfm935.com.ar\/site\/wp-json\/wp\/v2\/users\/4"}],"replies":[{"embeddable":true,"href":"https:\/\/oasisfm935.com.ar\/site\/wp-json\/wp\/v2\/comments?post=5348"}],"version-history":[{"count":1,"href":"https:\/\/oasisfm935.com.ar\/site\/wp-json\/wp\/v2\/posts\/5348\/revisions"}],"predecessor-version":[{"id":5351,"href":"https:\/\/oasisfm935.com.ar\/site\/wp-json\/wp\/v2\/posts\/5348\/revisions\/5351"}],"wp:featuredmedia":[{"embeddable":true,"href":"https:\/\/oasisfm935.com.ar\/site\/wp-json\/wp\/v2\/media\/5350"}],"wp:attachment":[{"href":"https:\/\/oasisfm935.com.ar\/site\/wp-json\/wp\/v2\/media?parent=5348"}],"wp:term":[{"taxonomy":"category","embeddable":true,"href":"https:\/\/oasisfm935.com.ar\/site\/wp-json\/wp\/v2\/categories?post=5348"},{"taxonomy":"post_tag","embeddable":true,"href":"https:\/\/oasisfm935.com.ar\/site\/wp-json\/wp\/v2\/tags?post=5348"}],"curies":[{"name":"wp","href":"https:\/\/api.w.org\/{rel}","templated":true}]}}