{"id":5354,"date":"2020-06-30T12:18:44","date_gmt":"2020-06-30T15:18:44","guid":{"rendered":"http:\/\/oasisfm935.com\/site\/?p=5354"},"modified":"2020-06-30T12:18:44","modified_gmt":"2020-06-30T15:18:44","slug":"la-pampa-ayala-furioso-con-tierno-viejo-resentido-delincuente-patentado","status":"publish","type":"post","link":"https:\/\/oasisfm935.com.ar\/site\/la-pampa-ayala-furioso-con-tierno-viejo-resentido-delincuente-patentado\/","title":{"rendered":"La Pampa: Ayala, furioso con Tierno: \u00abviejo resentido, delincuente patentado\u00bb"},"content":{"rendered":"<p><strong>El exjefe de Polic\u00eda,\u00a0Roberto Ayala, cruz\u00f3 a Juan Carlos Tierno,\u00a0que lo acus\u00f3 de haber usado sus gastos reservados para pagarle al esp\u00eda Alan Ruiz para hacerle \u00abmandados\u00bb a Verna.\u00a0<\/strong><\/p>\n<p><strong>\u201cSos un viejo resentido\u201d,<\/strong>\u00a0le dijo el exjefe de Polic\u00eda,\u00a0<strong>Roberto Ayala<\/strong>, al exministro de Seguridad, Juan Carlo Tierno.\u00a0<strong>\u00abDelincuente patentado\u00bb,<\/strong>\u00a0lo insult\u00f3.<\/p>\n<p>El exjefe de Polic\u00eda, que renunci\u00f3 a su cargo hace cuatro d\u00edas, reaccion\u00f3 indignado ante la acusaci\u00f3n de Tierno, quien asegur\u00f3 en las redes sociales que el exgobernador Carlos Verna le habr\u00edoa encargado a trav\u00e9s de Ayala \u00abmandados\u00bb a Ruiz, cuando ese ya hab\u00eda dejado de pertenecer al ministerio de Seguridad pampeano para revistar bajo la \u00f3rbita de la exministra de Naci\u00f3n, Patricia Bullrich. Tierno sugiri\u00f3 que esos \u00abmandados\u00bb se habr\u00edan abonado con los gastos reservados del jefe policial.<\/p>\n<p>Ayala renunci\u00f3 hace cuatro d\u00edas a su cargo, por desaveniencias con el actual ministro, Horacio di N\u00e1poli. Pero hace dos a\u00f1os atr\u00e1s otra interna en la misma cartera se hab\u00eda saldado con el pedido de renuncia del exgobernador Carlos Verna al entonces ministro Tierno. Ayala sobrevivi\u00f3 ganador de la pulseada, respaldado por el entonces gobernador.<\/p>\n<p><img decoding=\"async\" src=\"https:\/\/www.eldiariodelapampa.com.ar\/images\/2020\/Junio\/30-6-2020\/ayala-tierno.jpg\" alt=\"ayala tierno\" \/><\/p>\n<p>Desde ese momento Tierno vir\u00f3 en enemigo de Verna y nunca dej\u00f3 de castigar a Ayala porque, seg\u00fan \u00e9l, hab\u00eda conspirado permanentemente contra su funci\u00f3n y\u00a0 reportaba directamente al gobernador, pas\u00e1ndolo por encima.<\/p>\n<p>La ca\u00edda del comisario parece haber sido el plato fr\u00edo de la venganza para Tierno. El exministro hab\u00eda hecho varias publicaciones intentando despegarse de Alan Ruiz -preso por estas horas por el espionaje ilegal durante el macrismo-, que hace cuatro a\u00f1os lleg\u00f3 a la provincia en 2015 para ser funcionario en Seguridad. Fue director de Inteligencia Criminal de La Pampa entre diciembre de 2015 y noviembre de 2016. Desde que se destap\u00f3 el esc\u00e1ndalo del espionaje ilegal, Tierno intenta atribuirle ese nombramiento a Verna.<\/p>\n<p><strong>Ahora Tierno acus\u00f3 a Ayala y a Ruiz de haberle hecho \u201cmandados\u201d al exgobernador aun despu\u00e9s de haberse alejado de la funci\u00f3n en la provincia.<\/strong>\u00a0\u201cEs importante para la sociedad si se animan a decir los mandados y los contactos que pueden haber tenido Ayala cuando Alan Ruiz ya retirado de La Pampa. Los mandan a hacer diligencias y Verna escondido. Esa impunidad no es eterna, y tarde o temprano les trae consecuencias. Tomen nota incluidos varios que est\u00e1n en puestos judiciales\u201d, dispar\u00f3 Tierno.<\/p>\n<p>Ayala reaccion\u00f3 indignado y pendenciero. Le respondi\u00f3 en el mismo muro de facebock de Tierno.<strong>\u00a0\u201cA Al\u00e1n me lo presentaste vos, viejo resentido\u201d, salt\u00f3, destemplado.<\/strong><\/p>\n<p>\u201cTe jactabas de que la gente que hab\u00edas tra\u00eddo de Buenos Aires a solucionar los problemas de los pampeanos, que dicho sea de paso, nunca lo lograste. Por m\u00e1s que patalees, delincuente patentado, nunca vas a opacar la figura de nuestro gran l\u00edder, Carlos Verna, que bien arrepentido debe estar de haberte brindado todo como lo hizo\u201d, a\u00f1adi\u00f3.<\/p>\n<p>\u201cSi no te respond\u00ed antes solo fue por consideraci\u00f3n al cargo que ocupaba\u201d, aclar\u00f3.<\/p>\n<p>Finalmente, lo desafi\u00f3: \u201cEspero que cuando me cruces personalmente seas capaz de decirme algo, ya que hasta el momento lo has evitado<strong>. Los hombres no deben insultar, provocar, ni desafiar por las redes sociales, menos con tan pocos seguidores, porque es como rezongar solo\u201d.<\/strong><\/p>\n<div class=\"oasis-despues-del-contenido\" id=\"oasis-3794744242\"><img loading=\"lazy\" decoding=\"async\" src=\"https:\/\/oasisfm935.com.ar\/site\/wp-content\/uploads\/2020\/08\/47806202-8741-49f2-a5c9-d2f930e5baa1.jpg\" alt=\"\"  srcset=\"https:\/\/oasisfm935.com.ar\/site\/wp-content\/uploads\/2020\/08\/47806202-8741-49f2-a5c9-d2f930e5baa1.jpg 1080w, https:\/\/oasisfm935.com.ar\/site\/wp-content\/uploads\/2020\/08\/47806202-8741-49f2-a5c9-d2f930e5baa1-300x300.jpg 300w, https:\/\/oasisfm935.com.ar\/site\/wp-content\/uploads\/2020\/08\/47806202-8741-49f2-a5c9-d2f930e5baa1-1024x1024.jpg 1024w, https:\/\/oasisfm935.com.ar\/site\/wp-content\/uploads\/2020\/08\/47806202-8741-49f2-a5c9-d2f930e5baa1-150x150.jpg 150w, https:\/\/oasisfm935.com.ar\/site\/wp-content\/uploads\/2020\/08\/47806202-8741-49f2-a5c9-d2f930e5baa1-768x768.jpg 768w\" sizes=\"(max-width: 1080px) 100vw, 1080px\" class=\"no-lazyload\" width=\"1080\" height=\"1080\"  style=\"display: inline-block;\" \/><\/div>","protected":false},"excerpt":{"rendered":"<p>El exjefe de Polic\u00eda,\u00a0Roberto Ayala, cruz\u00f3 a Juan Carlos Tierno,\u00a0que lo acus\u00f3 de haber usado sus gastos reservados para pagarle al esp\u00eda<\/p>\n","protected":false},"author":4,"featured_media":5355,"comment_status":"closed","ping_status":"open","sticky":false,"template":"","format":"standard","meta":{"colormag_page_layout":"default_layout","footnotes":""},"categories":[2],"tags":[],"class_list":["post-5354","post","type-post","status-publish","format-standard","has-post-thumbnail","hentry","category-noticias"],"_links":{"self":[{"href":"https:\/\/oasisfm935.com.ar\/site\/wp-json\/wp\/v2\/posts\/5354","targetHints":{"allow":["GET"]}}],"collection":[{"href":"https:\/\/oasisfm935.com.ar\/site\/wp-json\/wp\/v2\/posts"}],"about":[{"href":"https:\/\/oasisfm935.com.ar\/site\/wp-json\/wp\/v2\/types\/post"}],"author":[{"embeddable":true,"href":"https:\/\/oasisfm935.com.ar\/site\/wp-json\/wp\/v2\/users\/4"}],"replies":[{"embeddable":true,"href":"https:\/\/oasisfm935.com.ar\/site\/wp-json\/wp\/v2\/comments?post=5354"}],"version-history":[{"count":1,"href":"https:\/\/oasisfm935.com.ar\/site\/wp-json\/wp\/v2\/posts\/5354\/revisions"}],"predecessor-version":[{"id":5356,"href":"https:\/\/oasisfm935.com.ar\/site\/wp-json\/wp\/v2\/posts\/5354\/revisions\/5356"}],"wp:featuredmedia":[{"embeddable":true,"href":"https:\/\/oasisfm935.com.ar\/site\/wp-json\/wp\/v2\/media\/5355"}],"wp:attachment":[{"href":"https:\/\/oasisfm935.com.ar\/site\/wp-json\/wp\/v2\/media?parent=5354"}],"wp:term":[{"taxonomy":"category","embeddable":true,"href":"https:\/\/oasisfm935.com.ar\/site\/wp-json\/wp\/v2\/categories?post=5354"},{"taxonomy":"post_tag","embeddable":true,"href":"https:\/\/oasisfm935.com.ar\/site\/wp-json\/wp\/v2\/tags?post=5354"}],"curies":[{"name":"wp","href":"https:\/\/api.w.org\/{rel}","templated":true}]}}