{"id":5378,"date":"2020-07-03T15:28:20","date_gmt":"2020-07-03T18:28:20","guid":{"rendered":"http:\/\/oasisfm935.com\/site\/?p=5378"},"modified":"2020-07-03T15:28:20","modified_gmt":"2020-07-03T18:28:20","slug":"zillioto-en-fm-oasisse-pusieron-en-marcha-los-contratos-para-la-reconstruccion-de-la-ruta-35-y-el-tramo-de-la-188-hasta-quetrequen","status":"publish","type":"post","link":"https:\/\/oasisfm935.com.ar\/site\/zillioto-en-fm-oasisse-pusieron-en-marcha-los-contratos-para-la-reconstruccion-de-la-ruta-35-y-el-tramo-de-la-188-hasta-quetrequen\/","title":{"rendered":"Zillioto en Fm Oasis:\u00bbse pusieron en marcha los contratos\u00bb para la reconstrucci\u00f3n de la Ruta 35 y el tramo de la 188 hasta Quetrequ\u00e9n."},"content":{"rendered":"<p>El gobernador Sergio Ziliotto habl\u00f3 sobre varios temas de inter\u00e9s para la provincia, como la puesta en marcha de los contratos de Vialidad Nacional con la empresa Vialbaires para la reanudaci\u00f3n de la obra de la ruta nacional 35, y la nacional 188 desde la 35 hasta el acceso a Quetrequ\u00e9n.<\/p>\n<p>En una entrevista a FM Oasis de Ingeniero Luiggi, el mandatario provincial anunci\u00f3 que ayer se puso en marcha nuevamente el contrato de parte de Vialidad Nacional con la empresa Vialbaires SA para terminar la obra de reconstrucci\u00f3n de la ruta 35 desde Eduardo Castex hasta el l\u00edmite con C\u00f3rdoba, y en relaci\u00f3n a la ruta nacional 188, desde la ruta 35 hasta el acceso a Quetrequ\u00e9n.<\/p>\n<p><strong>Las otras obras son las Mallas Crema de las rutas nacional 35, entre el l\u00edmite con provincia de Buenos Aires hasta Realic\u00f3 y la repavimentaci\u00f3n de la Malla Crema de la ruta nacional 188 hasta el acceso a Quetrequ\u00e9n.<\/strong><\/p>\n<p>Se trata de una inversi\u00f3n que, a valores de octubre del a\u00f1o pasado, ya alcanzaba los 3 mil millones de pesos\u201d, e incluye tambi\u00e9n la reactivaci\u00f3n de las obras viales a la ruta nacional 152, que est\u00e1 muy deteriorada.<\/p>\n<p><strong>En cuarentena<\/strong><\/p>\n<p>Ziliotto coment\u00f3 que se encuentra cumpliendo la cuarentena, tras su viaje a Buenos Aires. \u00abYa estoy pr\u00f3ximo a cumplir los primeros 7 d\u00edas de aislamiento, hace una semana que viaj\u00e9 y faltan otros siete d\u00edas m\u00e1s, pero sigo trabajando desde mi despacho en la residencia y en contacto permanente con todo el gabinete.\u00bb<\/p>\n<p>\u00abAcabo de hablar con el jefe del Distrito 21 de Vialidad Nacional,\u00a0<strong>ya se pusieron en marcha los contratos, asique en los pr\u00f3ximos d\u00edas comenzar\u00e1 a observarse los movimientos de las m\u00e1quinas para terminar esa obra tan esperada que tanto tiempo nos llev\u00f3 y tanto da\u00f1o nos caus\u00f3\u00a0<\/strong>all\u00e1 por marzo del 2017 con las inundaciones en la zona\u00bb, explic\u00f3 Ziliotto.<\/p>\n<p><strong>\u00abLo anunciamos hace alrededor de 2 meses, lo ratific\u00f3 el presidente el pasado 6 de junio en su visita a Santa Rosa y hoy est\u00e1 en marcha. Tenemos un gobierno nacional con un sentido federal muy importante, que cumple la palabra\u00bb<\/strong>, afirm\u00f3 el mandatario provincial.<\/p>\n<p>\u00abCuando todav\u00eda est\u00e1bamos en \u00e9poca electoral, en agosto del a\u00f1o pasado, el ahora presidente Alberto Fern\u00e1ndez firm\u00f3 con el exgobernador Verna y conmigo, un compromiso pol\u00edtico para poner en marcha todos los contratos que estaban ca\u00eddos y que ten\u00edan que ver con la red nacional de rutas en la provincia de La Pampa, asique es muy bueno que se cumpla con la palabra\u00bb, resalt\u00f3 Ziliotto.<\/p>\n<p><strong>Entrevista FM Oasis -Redacci\u00f3n Zonal Noticias<\/strong><\/p>\n<div class=\"oasis-despues-del-contenido\" id=\"oasis-2109510821\"><img loading=\"lazy\" decoding=\"async\" src=\"https:\/\/oasisfm935.com.ar\/site\/wp-content\/uploads\/2020\/08\/47806202-8741-49f2-a5c9-d2f930e5baa1.jpg\" alt=\"\"  srcset=\"https:\/\/oasisfm935.com.ar\/site\/wp-content\/uploads\/2020\/08\/47806202-8741-49f2-a5c9-d2f930e5baa1.jpg 1080w, https:\/\/oasisfm935.com.ar\/site\/wp-content\/uploads\/2020\/08\/47806202-8741-49f2-a5c9-d2f930e5baa1-300x300.jpg 300w, https:\/\/oasisfm935.com.ar\/site\/wp-content\/uploads\/2020\/08\/47806202-8741-49f2-a5c9-d2f930e5baa1-1024x1024.jpg 1024w, https:\/\/oasisfm935.com.ar\/site\/wp-content\/uploads\/2020\/08\/47806202-8741-49f2-a5c9-d2f930e5baa1-150x150.jpg 150w, https:\/\/oasisfm935.com.ar\/site\/wp-content\/uploads\/2020\/08\/47806202-8741-49f2-a5c9-d2f930e5baa1-768x768.jpg 768w\" sizes=\"(max-width: 1080px) 100vw, 1080px\" class=\"no-lazyload\" width=\"1080\" height=\"1080\"  style=\"display: inline-block;\" \/><\/div>","protected":false},"excerpt":{"rendered":"<p>El gobernador Sergio Ziliotto habl\u00f3 sobre varios temas de inter\u00e9s para la provincia, como la puesta en marcha de los contratos de<\/p>\n","protected":false},"author":4,"featured_media":5379,"comment_status":"closed","ping_status":"open","sticky":false,"template":"","format":"standard","meta":{"colormag_page_layout":"default_layout","footnotes":""},"categories":[2],"tags":[],"class_list":["post-5378","post","type-post","status-publish","format-standard","has-post-thumbnail","hentry","category-noticias"],"_links":{"self":[{"href":"https:\/\/oasisfm935.com.ar\/site\/wp-json\/wp\/v2\/posts\/5378","targetHints":{"allow":["GET"]}}],"collection":[{"href":"https:\/\/oasisfm935.com.ar\/site\/wp-json\/wp\/v2\/posts"}],"about":[{"href":"https:\/\/oasisfm935.com.ar\/site\/wp-json\/wp\/v2\/types\/post"}],"author":[{"embeddable":true,"href":"https:\/\/oasisfm935.com.ar\/site\/wp-json\/wp\/v2\/users\/4"}],"replies":[{"embeddable":true,"href":"https:\/\/oasisfm935.com.ar\/site\/wp-json\/wp\/v2\/comments?post=5378"}],"version-history":[{"count":1,"href":"https:\/\/oasisfm935.com.ar\/site\/wp-json\/wp\/v2\/posts\/5378\/revisions"}],"predecessor-version":[{"id":5380,"href":"https:\/\/oasisfm935.com.ar\/site\/wp-json\/wp\/v2\/posts\/5378\/revisions\/5380"}],"wp:featuredmedia":[{"embeddable":true,"href":"https:\/\/oasisfm935.com.ar\/site\/wp-json\/wp\/v2\/media\/5379"}],"wp:attachment":[{"href":"https:\/\/oasisfm935.com.ar\/site\/wp-json\/wp\/v2\/media?parent=5378"}],"wp:term":[{"taxonomy":"category","embeddable":true,"href":"https:\/\/oasisfm935.com.ar\/site\/wp-json\/wp\/v2\/categories?post=5378"},{"taxonomy":"post_tag","embeddable":true,"href":"https:\/\/oasisfm935.com.ar\/site\/wp-json\/wp\/v2\/tags?post=5378"}],"curies":[{"name":"wp","href":"https:\/\/api.w.org\/{rel}","templated":true}]}}