{"id":5384,"date":"2020-07-03T19:11:50","date_gmt":"2020-07-03T22:11:50","guid":{"rendered":"http:\/\/oasisfm935.com\/site\/?p=5384"},"modified":"2020-07-03T19:13:15","modified_gmt":"2020-07-03T22:13:15","slug":"la-pampa-empresas-de-transporte-interurbano-recibiran-25-millones-de-asistencia-economica","status":"publish","type":"post","link":"https:\/\/oasisfm935.com.ar\/site\/la-pampa-empresas-de-transporte-interurbano-recibiran-25-millones-de-asistencia-economica\/","title":{"rendered":"La Pampa: Empresas de transporte interurbano recibir\u00e1n $ 25 millones de asistencia econ\u00f3mica"},"content":{"rendered":"<p>El monto surge de la suma del convenio celebrado entre el ministerio de Transporte de Naci\u00f3n\u00a0 y la cartera de Obras y Servicios P\u00fablicos provincial\u00a0 y el aporte que, con recursos propios, realiza el Gobierno de La Pampa. La asistencia se aplica a los servicios interurbanos de transporte de pasajeros que,\u00a0 como otras actividades econ\u00f3micas, han sido afectadas en su normal funcionamiento por la pandemia de COVID-19.<\/p>\n<p>El esfuerzo econ\u00f3mico de la provincia se conjuga en este caso con el Fondo de Compensaci\u00f3n al transporte p\u00fablico urbano del interior del pa\u00eds que ejecuta el Gobierno Nacional, posibilitando la articulaci\u00f3n de recursos que permite llegar con fondos\u00a0 a las empresas de este rubro.<\/p>\n<p>Vale mencionar que por decisi\u00f3n del gobernador Sergio Ziliotto, en la provincia de La Pampa se han ido instrumentando distintas acciones econ\u00f3micas para paliar los efectos econ\u00f3micos negativos que gener\u00f3 la pandemia de Coronavirus.<\/p>\n<p>En este sentido se han implementado diferimientos en las obligaciones generadas por el consumo de energ\u00eda tanto a usuarios residenciales, como al comercio, la industria y asociaciones civiles. Se prorrogaron obligaciones impositivas provinciales como ingresos brutos, inmobiliario urbano y suburbano y automotor y se han instrumentado cr\u00e9ditos a tasa cero en algunos casos y en otros a tasa fuertemente subsidiada para colaborar a los distintos sectores econ\u00f3micos a sortear la dif\u00edcil situaci\u00f3n provocada por la inactividad.<\/p>\n<p>En el caso puntual del transporte p\u00fablico de pasajeros la pandemia oblig\u00f3 a instrumentar medidas excepcionales, entre ellas \u00a0se destaca que la ocupaci\u00f3n de los veh\u00edculos no debe superar el 50% de su capacidad, medida que genera para las empresas una merma importante de ingresos por venta de pasajes.<\/p>\n<p>Asimismo las empresas deben afrontar mayores costos relacionados a las nuevas medidas sanitarias instrumentadas, ya que para realizar los servicios tienen que adquirir una mayor cantidad de insumos de desinfecci\u00f3n, limpieza y otros gastos.<\/p>\n<p>Otro dato a tener en cuenta en relaci\u00f3n a la situaci\u00f3n econ\u00f3mica de ese sector es que el \u00faltimo aumento de tarifas de los servicios Garantizados y de Fomento fue en el\u00a0 mes de agosto de 2019, debido a la adhesi\u00f3n por parte de la provincia de La Pampa al Fondo Compensador del Transporte P\u00fablico de pasajeros 2020 donde establece como requerimiento obligatorio el congelamiento tarifario.<\/p>\n<div class=\"oasis-despues-del-contenido\" id=\"oasis-1512495677\"><img loading=\"lazy\" decoding=\"async\" src=\"https:\/\/oasisfm935.com.ar\/site\/wp-content\/uploads\/2020\/08\/47806202-8741-49f2-a5c9-d2f930e5baa1.jpg\" alt=\"\"  srcset=\"https:\/\/oasisfm935.com.ar\/site\/wp-content\/uploads\/2020\/08\/47806202-8741-49f2-a5c9-d2f930e5baa1.jpg 1080w, https:\/\/oasisfm935.com.ar\/site\/wp-content\/uploads\/2020\/08\/47806202-8741-49f2-a5c9-d2f930e5baa1-300x300.jpg 300w, https:\/\/oasisfm935.com.ar\/site\/wp-content\/uploads\/2020\/08\/47806202-8741-49f2-a5c9-d2f930e5baa1-1024x1024.jpg 1024w, https:\/\/oasisfm935.com.ar\/site\/wp-content\/uploads\/2020\/08\/47806202-8741-49f2-a5c9-d2f930e5baa1-150x150.jpg 150w, https:\/\/oasisfm935.com.ar\/site\/wp-content\/uploads\/2020\/08\/47806202-8741-49f2-a5c9-d2f930e5baa1-768x768.jpg 768w\" sizes=\"(max-width: 1080px) 100vw, 1080px\" class=\"no-lazyload\" width=\"1080\" height=\"1080\"  style=\"display: inline-block;\" \/><\/div>","protected":false},"excerpt":{"rendered":"<p>El monto surge de la suma del convenio celebrado entre el ministerio de Transporte de Naci\u00f3n\u00a0 y la cartera de Obras y<\/p>\n","protected":false},"author":4,"featured_media":5385,"comment_status":"closed","ping_status":"open","sticky":false,"template":"","format":"standard","meta":{"colormag_page_layout":"default_layout","footnotes":""},"categories":[2],"tags":[],"class_list":["post-5384","post","type-post","status-publish","format-standard","has-post-thumbnail","hentry","category-noticias"],"_links":{"self":[{"href":"https:\/\/oasisfm935.com.ar\/site\/wp-json\/wp\/v2\/posts\/5384","targetHints":{"allow":["GET"]}}],"collection":[{"href":"https:\/\/oasisfm935.com.ar\/site\/wp-json\/wp\/v2\/posts"}],"about":[{"href":"https:\/\/oasisfm935.com.ar\/site\/wp-json\/wp\/v2\/types\/post"}],"author":[{"embeddable":true,"href":"https:\/\/oasisfm935.com.ar\/site\/wp-json\/wp\/v2\/users\/4"}],"replies":[{"embeddable":true,"href":"https:\/\/oasisfm935.com.ar\/site\/wp-json\/wp\/v2\/comments?post=5384"}],"version-history":[{"count":1,"href":"https:\/\/oasisfm935.com.ar\/site\/wp-json\/wp\/v2\/posts\/5384\/revisions"}],"predecessor-version":[{"id":5386,"href":"https:\/\/oasisfm935.com.ar\/site\/wp-json\/wp\/v2\/posts\/5384\/revisions\/5386"}],"wp:featuredmedia":[{"embeddable":true,"href":"https:\/\/oasisfm935.com.ar\/site\/wp-json\/wp\/v2\/media\/5385"}],"wp:attachment":[{"href":"https:\/\/oasisfm935.com.ar\/site\/wp-json\/wp\/v2\/media?parent=5384"}],"wp:term":[{"taxonomy":"category","embeddable":true,"href":"https:\/\/oasisfm935.com.ar\/site\/wp-json\/wp\/v2\/categories?post=5384"},{"taxonomy":"post_tag","embeddable":true,"href":"https:\/\/oasisfm935.com.ar\/site\/wp-json\/wp\/v2\/tags?post=5384"}],"curies":[{"name":"wp","href":"https:\/\/api.w.org\/{rel}","templated":true}]}}