{"id":5387,"date":"2020-07-03T19:17:35","date_gmt":"2020-07-03T22:17:35","guid":{"rendered":"http:\/\/oasisfm935.com\/site\/?p=5387"},"modified":"2020-07-03T19:18:29","modified_gmt":"2020-07-03T22:18:29","slug":"zillioto-en-fm-oasis-reitero-que-no-hay-apuro-por-volver-a-clases-en-la-pampa","status":"publish","type":"post","link":"https:\/\/oasisfm935.com.ar\/site\/zillioto-en-fm-oasis-reitero-que-no-hay-apuro-por-volver-a-clases-en-la-pampa\/","title":{"rendered":"Zillioto en Fm Oasis: reiter\u00f3 que no hay apuro por volver a clases en La Pampa"},"content":{"rendered":"<p>El gobernador Sergio Ziliotto insisti\u00f3\u00a0<strong>en que nuestra provincia no hay una \u201cfecha cercana\u201d para volver a la escuela<\/strong>\u00a0y que, en todo caso,\u00a0<strong>la prioridad ser\u00e1 para los estudiantes que atraviesan el \u00faltimo a\u00f1o de la Secundaria.<\/strong><\/p>\n<p>\u201cEn la\u00a0<strong>provincia de La Pampa no tenemos una fecha cercana, no lo hemos decidido, no tenemos un par\u00e1metro<\/strong>\u00a0como para tomar decisiones\u201d, sostuvo este viernes el gobernador durante una entrevista a FM Oasis de Ingeniero Luiggi.<\/p>\n<p>\u201cSe<strong>\u00a0puso agosto como la fecha probable de regreso a clases. Las provincias que han planteado de que pueden volver las clases son provincias que tienen mucha ruralidad, con muy poca matr\u00edcula<\/strong>\u201d, expres\u00f3, con relaci\u00f3n a la\u00a0<strong>reuni\u00f3n del Consejo Federal de Educaci\u00f3n, donde se aprob\u00f3 un protocolo unificado<\/strong>\u00a0para el momento en que se produzca el regreso de los alumnos a las escuelas.<\/p>\n<p>\u201cNosotros estamos cerca del gran pico de la pandemia en la ciudad de Buenos Aires y en el conurbano bonaerense, y la alta conectividad que tenemos a trav\u00e9s del transporte, nos obliga a ser cautos\u201d, agreg\u00f3.<\/p>\n<p>Y a\u00f1adi\u00f3: \u201c<strong>No nos cambia absolutamente nada si las clases empiezan un mes antes o un mes despu\u00e9s. Nosotros venimos trabajando con un protocolo con Naci\u00f3n y tambi\u00e9n con los tres gremios que nuclean a los docentes en la provincia<\/strong>, y en eso tendremos que empezar a trabajar en un protocolo general, tambi\u00e9n mirando a cada uno de los establecimiento educativos teniendo en cuenta la infraestructura\u201d.<\/p>\n<p>\u201c<strong>No es un tema que nos desviva ingresar cuanto antes las clases porque a excepci\u00f3n del sexto a\u00f1o de la secundaria, el resto de los alumnos va a estar en la misma jurisdicci\u00f3n educativa<\/strong>, y cada uno de los contenidos que no se pudieron dictar y evaluar en el presente ciclo lectivo, se pueden dar en el pr\u00f3ximo\u201d, aclar\u00f3 el mandatario pampeano.<\/p>\n<p>\u201c<strong>Cuando se pueda volver, habr\u00e1 que redoblar los esfuerzos, trabajar a contraturno, en el \u00faltimo a\u00f1o del secundario que son aquellos alumnos que ingresan al \u00e1mbito universitario, pero no debemos apurarnos<\/strong>\u00a0para no poner en riesgo a nuestros alumnos\u201d, finaliz\u00f3<\/p>\n<div class=\"oasis-despues-del-contenido\" id=\"oasis-641961936\"><img loading=\"lazy\" decoding=\"async\" src=\"https:\/\/oasisfm935.com.ar\/site\/wp-content\/uploads\/2020\/08\/47806202-8741-49f2-a5c9-d2f930e5baa1.jpg\" alt=\"\"  srcset=\"https:\/\/oasisfm935.com.ar\/site\/wp-content\/uploads\/2020\/08\/47806202-8741-49f2-a5c9-d2f930e5baa1.jpg 1080w, https:\/\/oasisfm935.com.ar\/site\/wp-content\/uploads\/2020\/08\/47806202-8741-49f2-a5c9-d2f930e5baa1-300x300.jpg 300w, https:\/\/oasisfm935.com.ar\/site\/wp-content\/uploads\/2020\/08\/47806202-8741-49f2-a5c9-d2f930e5baa1-1024x1024.jpg 1024w, https:\/\/oasisfm935.com.ar\/site\/wp-content\/uploads\/2020\/08\/47806202-8741-49f2-a5c9-d2f930e5baa1-150x150.jpg 150w, https:\/\/oasisfm935.com.ar\/site\/wp-content\/uploads\/2020\/08\/47806202-8741-49f2-a5c9-d2f930e5baa1-768x768.jpg 768w\" sizes=\"(max-width: 1080px) 100vw, 1080px\" class=\"no-lazyload\" width=\"1080\" height=\"1080\"  style=\"display: inline-block;\" \/><\/div>","protected":false},"excerpt":{"rendered":"<p>El gobernador Sergio Ziliotto insisti\u00f3\u00a0en que nuestra provincia no hay una \u201cfecha cercana\u201d para volver a la escuela\u00a0y que, en todo caso,\u00a0la<\/p>\n","protected":false},"author":4,"featured_media":4704,"comment_status":"closed","ping_status":"open","sticky":false,"template":"","format":"standard","meta":{"colormag_page_layout":"default_layout","footnotes":""},"categories":[2],"tags":[],"class_list":["post-5387","post","type-post","status-publish","format-standard","has-post-thumbnail","hentry","category-noticias"],"_links":{"self":[{"href":"https:\/\/oasisfm935.com.ar\/site\/wp-json\/wp\/v2\/posts\/5387","targetHints":{"allow":["GET"]}}],"collection":[{"href":"https:\/\/oasisfm935.com.ar\/site\/wp-json\/wp\/v2\/posts"}],"about":[{"href":"https:\/\/oasisfm935.com.ar\/site\/wp-json\/wp\/v2\/types\/post"}],"author":[{"embeddable":true,"href":"https:\/\/oasisfm935.com.ar\/site\/wp-json\/wp\/v2\/users\/4"}],"replies":[{"embeddable":true,"href":"https:\/\/oasisfm935.com.ar\/site\/wp-json\/wp\/v2\/comments?post=5387"}],"version-history":[{"count":1,"href":"https:\/\/oasisfm935.com.ar\/site\/wp-json\/wp\/v2\/posts\/5387\/revisions"}],"predecessor-version":[{"id":5388,"href":"https:\/\/oasisfm935.com.ar\/site\/wp-json\/wp\/v2\/posts\/5387\/revisions\/5388"}],"wp:featuredmedia":[{"embeddable":true,"href":"https:\/\/oasisfm935.com.ar\/site\/wp-json\/wp\/v2\/media\/4704"}],"wp:attachment":[{"href":"https:\/\/oasisfm935.com.ar\/site\/wp-json\/wp\/v2\/media?parent=5387"}],"wp:term":[{"taxonomy":"category","embeddable":true,"href":"https:\/\/oasisfm935.com.ar\/site\/wp-json\/wp\/v2\/categories?post=5387"},{"taxonomy":"post_tag","embeddable":true,"href":"https:\/\/oasisfm935.com.ar\/site\/wp-json\/wp\/v2\/tags?post=5387"}],"curies":[{"name":"wp","href":"https:\/\/api.w.org\/{rel}","templated":true}]}}