{"id":5394,"date":"2020-07-04T11:34:39","date_gmt":"2020-07-04T14:34:39","guid":{"rendered":"http:\/\/oasisfm935.com\/site\/?p=5394"},"modified":"2020-07-04T11:38:22","modified_gmt":"2020-07-04T14:38:22","slug":"zillioto-en-fm-oasis-mendoza-se-arriesgo-en-tomar-esta-decision-como-forma-de-presionarlo-al-presidente","status":"publish","type":"post","link":"https:\/\/oasisfm935.com.ar\/site\/zillioto-en-fm-oasis-mendoza-se-arriesgo-en-tomar-esta-decision-como-forma-de-presionarlo-al-presidente\/","title":{"rendered":"Zillioto en FM OASIS: \u00abMendoza se arriesg\u00f3 en tomar esta decisi\u00f3n como forma de presionarlo al presidente\u00bb"},"content":{"rendered":"<p>El gobernador Sergio Ziliotto se refiri\u00f3 a la decisi\u00f3 de Mendoza de abrir la licitaci\u00f3n de Portezuelo del Viento.\u00bb<strong>No tiene que sorprendernos la actitud de Mendoza, siempre plantearon hacer Portezuelo del Viento en contra de la ley, en eso son coherentes\u00bb<\/strong>, asegur\u00f3.<\/p>\n<p><strong>\u00abNo tiene que sorprendernos la actitud de Mendoza, siempre plantearon hacer Portezuelo del Viento en contra de la ley,<\/strong>\u00a0en eso son coherentes, lo que pasa que antes ten\u00edan la connivencia de un gobierno nacional y hoy no la tienen\u00bb, expres\u00f3 Ziliotto en una entrevista radial con FM Oasis.<\/p>\n<p><strong>\u00abDesde el punto de vista del derecho, son actos administrativos que no cambian absolutamente nada, por eso Mendoza se ha arriesgado en tomar esta decisi\u00f3n como forma de presionarlo al presidente\u00bb<\/strong>, expres\u00f3.<\/p>\n<p>\u00abEs s\u00f3lo una decisi\u00f3n de seguir adelante con una licitaci\u00f3n, despu\u00e9s que cinco provincias notificaron el r\u00edo es de las cinco y queremos que si se hace una obra sea a partir de un estudio de impacto ambiental y que si se hace, sea arbitrada por las cinco provincias\u00bb, afirm\u00f3 Ziliotto.<\/p>\n<p><strong>\u00abEn el esquema actual Portezuelo del Viento no cumple con ninguna normativa legal,<\/strong>\u00a0ni con el Tratado del R\u00edo Colorado, ni con la ley nacional de Obras Hidr\u00e1ulicas, est\u00e1 en contra de todos los protocolos ambientales, pero no nos sorprende porque Mendoza siempre tuvo un manejo autoritario del recurso h\u00eddrico, sino miremos el ejemplo del Atuel\u00bb, remarc\u00f3 el gobernador.<\/p>\n<p>\u00abCon el Atuel ellos tienen una premisa arcaica que plantea que el r\u00edo como nace en Mendoza, si sobra le corresponde a las provincias que est\u00e1n r\u00edo abajo, lo que no queremos es que \u00e9sto pase con el r\u00edo Colorado y all\u00ed junto con La Pampa hay tres provincias m\u00e1s: Buenos Aires, R\u00edo Negro y Neuqu\u00e9n que se dieron cuenta que construir Portezuelo del Viento como est\u00e1 planificado hoy, implicar\u00eda la muerte del r\u00edo Colorado y eso no lo vamos a permitir\u00bb, expres\u00f3.<\/p>\n<p><strong>\u00abSeguramente el gobierno nacional abrir\u00e1 el proceso de laudo arbitral, Mendoza har\u00e1 su presentaci\u00f3n, y La Pampa y el resto de las provincias tambi\u00e9n\u00bb<\/strong>, concluy\u00f3.<\/p>\n<p>El gobierno mendocino abri\u00f3 esta semana la licitaci\u00f3n para construir la cuestionada represa Portezuelo del Viento, sobre el r\u00edo Grande. Tal como se esperaba, se present\u00f3 una \u00fanica oferta, liderada por el consorcio chino que ya est\u00e1 construyendo El Tambolar, en la provincia de San Juan, y que integra Impsa, la empresa se\u00f1alada como la mayor beneficiaria de la obra. El pr\u00f3ximo paso ser\u00e1 en el mes de agosto.<\/p>\n<p>La \u00fanica oferta presentada para este proyecto que en Mendoza califican como \u00abla obra del siglo\u00bb -pero que las restantes provincias cuestionan- lleva el nombre de \u00abMalal Hue\u00bb y representa un consorcio liderado por la empresa china Sinohydro, que se asoci\u00f3 para esta licitaci\u00f3n con las mendocinas Ceosa, Impsa y Obras Andinas.<\/p>\n<p>Lo que se hizo fue receptar y abrir los sobres A de la licitaci\u00f3n, que son los que contienen la informaci\u00f3n t\u00e9cnica de las empresas. Un jurado deber\u00e1 evaluar cada presentaci\u00f3n y definir si las empresas tienen la capacidad y la experiencia para encarar esta \u00abmegaobra\u00bb.<\/p>\n<p>Seg\u00fan inform\u00f3 el diario digital Mendoza On Line, los sobres no especifican en cu\u00e1nto se presupuest\u00f3 la obra pero ese dato se puede deducir del hecho de que la UTE ofreci\u00f3 una garant\u00eda por su oferta de 8,84 millones de d\u00f3lares, que representa el 1 por ciento del total de la obra. De all\u00ed surge que el monto final de la construcci\u00f3n, por lo menos lo que se licit\u00f3 ayer, asciende a 884 millones de d\u00f3lares.<\/p>\n<p><strong>El pr\u00f3ximo paso ser\u00e1 en agosto, cuando se abran los sobres de las ofertas t\u00e9cnicas, y en noviembre, la oferta econ\u00f3mica del consorcio.<\/strong><\/p>\n<p><strong>Entrevista radial FM Oasis- Redacci\u00f3n Zonal Noticias<\/strong><\/p>\n<div class=\"oasis-despues-del-contenido\" id=\"oasis-200268755\"><img loading=\"lazy\" decoding=\"async\" src=\"https:\/\/oasisfm935.com.ar\/site\/wp-content\/uploads\/2020\/08\/47806202-8741-49f2-a5c9-d2f930e5baa1.jpg\" alt=\"\"  srcset=\"https:\/\/oasisfm935.com.ar\/site\/wp-content\/uploads\/2020\/08\/47806202-8741-49f2-a5c9-d2f930e5baa1.jpg 1080w, https:\/\/oasisfm935.com.ar\/site\/wp-content\/uploads\/2020\/08\/47806202-8741-49f2-a5c9-d2f930e5baa1-300x300.jpg 300w, https:\/\/oasisfm935.com.ar\/site\/wp-content\/uploads\/2020\/08\/47806202-8741-49f2-a5c9-d2f930e5baa1-1024x1024.jpg 1024w, https:\/\/oasisfm935.com.ar\/site\/wp-content\/uploads\/2020\/08\/47806202-8741-49f2-a5c9-d2f930e5baa1-150x150.jpg 150w, https:\/\/oasisfm935.com.ar\/site\/wp-content\/uploads\/2020\/08\/47806202-8741-49f2-a5c9-d2f930e5baa1-768x768.jpg 768w\" sizes=\"(max-width: 1080px) 100vw, 1080px\" class=\"no-lazyload\" width=\"1080\" height=\"1080\"  style=\"display: inline-block;\" \/><\/div>","protected":false},"excerpt":{"rendered":"<p>El gobernador Sergio Ziliotto se refiri\u00f3 a la decisi\u00f3 de Mendoza de abrir la licitaci\u00f3n de Portezuelo del Viento.\u00bbNo tiene que sorprendernos<\/p>\n","protected":false},"author":4,"featured_media":5395,"comment_status":"closed","ping_status":"open","sticky":false,"template":"","format":"standard","meta":{"colormag_page_layout":"default_layout","footnotes":""},"categories":[2],"tags":[],"class_list":["post-5394","post","type-post","status-publish","format-standard","has-post-thumbnail","hentry","category-noticias"],"_links":{"self":[{"href":"https:\/\/oasisfm935.com.ar\/site\/wp-json\/wp\/v2\/posts\/5394","targetHints":{"allow":["GET"]}}],"collection":[{"href":"https:\/\/oasisfm935.com.ar\/site\/wp-json\/wp\/v2\/posts"}],"about":[{"href":"https:\/\/oasisfm935.com.ar\/site\/wp-json\/wp\/v2\/types\/post"}],"author":[{"embeddable":true,"href":"https:\/\/oasisfm935.com.ar\/site\/wp-json\/wp\/v2\/users\/4"}],"replies":[{"embeddable":true,"href":"https:\/\/oasisfm935.com.ar\/site\/wp-json\/wp\/v2\/comments?post=5394"}],"version-history":[{"count":3,"href":"https:\/\/oasisfm935.com.ar\/site\/wp-json\/wp\/v2\/posts\/5394\/revisions"}],"predecessor-version":[{"id":5398,"href":"https:\/\/oasisfm935.com.ar\/site\/wp-json\/wp\/v2\/posts\/5394\/revisions\/5398"}],"wp:featuredmedia":[{"embeddable":true,"href":"https:\/\/oasisfm935.com.ar\/site\/wp-json\/wp\/v2\/media\/5395"}],"wp:attachment":[{"href":"https:\/\/oasisfm935.com.ar\/site\/wp-json\/wp\/v2\/media?parent=5394"}],"wp:term":[{"taxonomy":"category","embeddable":true,"href":"https:\/\/oasisfm935.com.ar\/site\/wp-json\/wp\/v2\/categories?post=5394"},{"taxonomy":"post_tag","embeddable":true,"href":"https:\/\/oasisfm935.com.ar\/site\/wp-json\/wp\/v2\/tags?post=5394"}],"curies":[{"name":"wp","href":"https:\/\/api.w.org\/{rel}","templated":true}]}}