{"id":5399,"date":"2020-07-04T21:24:41","date_gmt":"2020-07-05T00:24:41","guid":{"rendered":"http:\/\/oasisfm935.com\/site\/?p=5399"},"modified":"2020-07-04T21:24:41","modified_gmt":"2020-07-05T00:24:41","slug":"la-provincia-de-san-luis-vuelve-a-la-fase-1-tras-90-dias-sin-contagios-ya-no-habra-pase-libre-con-la-pampa","status":"publish","type":"post","link":"https:\/\/oasisfm935.com.ar\/site\/la-provincia-de-san-luis-vuelve-a-la-fase-1-tras-90-dias-sin-contagios-ya-no-habra-pase-libre-con-la-pampa\/","title":{"rendered":"La provincia de San Luis vuelve a la Fase 1 tras 90 d\u00edas sin contagios: Ya no habr\u00e1 \u201cpase libre\u201d con La Pampa"},"content":{"rendered":"<header class=\"entry-header\">\n<div class=\"titulo\">\n<h1><\/h1>\n<\/div>\n<\/header>\n<div class=\"extracto\">\n<div class=\"entry-content\">\n<div id=\"essb_displayed_top_1347405381\" class=\"essb_links essb_displayed_top essb_share essb_template_round-retina essb_1347405381 essb_links_center print-no\" data-essb-postid=\"77546\" data-essb-position=\"top\" data-essb-button-style=\"button\" data-essb-template=\"round-retina\" data-essb-counter-pos=\"hidden\" data-essb-url=\"https:\/\/www.infopico.com\/2020\/07\/04\/la-provincia-de-san-luis-vuelve-a-la-fase-1-tras-90-dias-sin-contagios\/\" data-essb-fullurl=\"https:\/\/www.infopico.com\/2020\/07\/04\/la-provincia-de-san-luis-vuelve-a-la-fase-1-tras-90-dias-sin-contagios\/\" data-essb-instance=\"1347405381\">\n<ul class=\"essb_links_list\">\n<li class=\"essb_item essb_link_whatsapp nolightbox\">La provincia de San Luis vuelve a Fase 1 al registrar un nuevo caso de coronavirus (Covid-19). El Gobernador Alberto Rodr\u00edguez Sa\u00e1 anunci\u00f3 el uso obligatorio del tapabocas.<\/li>\n<\/ul>\n<\/div>\n<p>\u201cTenemos que ser fieles a lo que dijimos el primer d\u00eda, que ibamos a hacer muy transparentes y que todo el pueblo de San Luis tuviera pleno conocimiento de lo que esta pasando en el marco de esta pandemia que azota a la humanidad, a la Argentina y a San Luis\u201d, as\u00ed comenz\u00f3 Rodr\u00edguez Sa\u00e1, el mensaje para anunciar que la provincia dar\u00eda marcha atr\u00e1s con las aperturas.<\/p>\n<p>En los \u00faltimos d\u00edas, una persona positiva de Covid-19 y asintom\u00e1tica anduvo por la zona San Luis, Villa Mercedes, La Toma, Merlo, Quines, localidades del departamento San Mart\u00edn, el sur de la provincia vendiendo quesos, lo que el gobierno decidi\u00f3 tomar medidas preventivas para que no se siga esparciendo el virus y volver a fase 1.<\/p>\n<\/div>\n<\/div>\n<p>&nbsp;<\/p>\n<div class=\"oasis-despues-del-contenido\" id=\"oasis-354761414\"><img loading=\"lazy\" decoding=\"async\" src=\"https:\/\/oasisfm935.com.ar\/site\/wp-content\/uploads\/2020\/08\/47806202-8741-49f2-a5c9-d2f930e5baa1.jpg\" alt=\"\"  srcset=\"https:\/\/oasisfm935.com.ar\/site\/wp-content\/uploads\/2020\/08\/47806202-8741-49f2-a5c9-d2f930e5baa1.jpg 1080w, https:\/\/oasisfm935.com.ar\/site\/wp-content\/uploads\/2020\/08\/47806202-8741-49f2-a5c9-d2f930e5baa1-300x300.jpg 300w, https:\/\/oasisfm935.com.ar\/site\/wp-content\/uploads\/2020\/08\/47806202-8741-49f2-a5c9-d2f930e5baa1-1024x1024.jpg 1024w, https:\/\/oasisfm935.com.ar\/site\/wp-content\/uploads\/2020\/08\/47806202-8741-49f2-a5c9-d2f930e5baa1-150x150.jpg 150w, https:\/\/oasisfm935.com.ar\/site\/wp-content\/uploads\/2020\/08\/47806202-8741-49f2-a5c9-d2f930e5baa1-768x768.jpg 768w\" sizes=\"(max-width: 1080px) 100vw, 1080px\" class=\"no-lazyload\" width=\"1080\" height=\"1080\"  style=\"display: inline-block;\" \/><\/div>","protected":false},"excerpt":{"rendered":"<p>La provincia de San Luis vuelve a Fase 1 al registrar un nuevo caso de coronavirus (Covid-19). El Gobernador Alberto Rodr\u00edguez Sa\u00e1<\/p>\n","protected":false},"author":4,"featured_media":5400,"comment_status":"closed","ping_status":"open","sticky":false,"template":"","format":"standard","meta":{"colormag_page_layout":"default_layout","footnotes":""},"categories":[2],"tags":[],"class_list":["post-5399","post","type-post","status-publish","format-standard","has-post-thumbnail","hentry","category-noticias"],"_links":{"self":[{"href":"https:\/\/oasisfm935.com.ar\/site\/wp-json\/wp\/v2\/posts\/5399","targetHints":{"allow":["GET"]}}],"collection":[{"href":"https:\/\/oasisfm935.com.ar\/site\/wp-json\/wp\/v2\/posts"}],"about":[{"href":"https:\/\/oasisfm935.com.ar\/site\/wp-json\/wp\/v2\/types\/post"}],"author":[{"embeddable":true,"href":"https:\/\/oasisfm935.com.ar\/site\/wp-json\/wp\/v2\/users\/4"}],"replies":[{"embeddable":true,"href":"https:\/\/oasisfm935.com.ar\/site\/wp-json\/wp\/v2\/comments?post=5399"}],"version-history":[{"count":1,"href":"https:\/\/oasisfm935.com.ar\/site\/wp-json\/wp\/v2\/posts\/5399\/revisions"}],"predecessor-version":[{"id":5401,"href":"https:\/\/oasisfm935.com.ar\/site\/wp-json\/wp\/v2\/posts\/5399\/revisions\/5401"}],"wp:featuredmedia":[{"embeddable":true,"href":"https:\/\/oasisfm935.com.ar\/site\/wp-json\/wp\/v2\/media\/5400"}],"wp:attachment":[{"href":"https:\/\/oasisfm935.com.ar\/site\/wp-json\/wp\/v2\/media?parent=5399"}],"wp:term":[{"taxonomy":"category","embeddable":true,"href":"https:\/\/oasisfm935.com.ar\/site\/wp-json\/wp\/v2\/categories?post=5399"},{"taxonomy":"post_tag","embeddable":true,"href":"https:\/\/oasisfm935.com.ar\/site\/wp-json\/wp\/v2\/tags?post=5399"}],"curies":[{"name":"wp","href":"https:\/\/api.w.org\/{rel}","templated":true}]}}