{"id":5427,"date":"2020-07-06T19:23:36","date_gmt":"2020-07-06T22:23:36","guid":{"rendered":"http:\/\/oasisfm935.com\/site\/?p=5427"},"modified":"2020-07-06T19:24:37","modified_gmt":"2020-07-06T22:24:37","slug":"la-pampa-en-la-ruta-35-interceptaron-a-un-camionero-que-trasladaba-una-mujer-escondida-en-la-cucheta","status":"publish","type":"post","link":"https:\/\/oasisfm935.com.ar\/site\/la-pampa-en-la-ruta-35-interceptaron-a-un-camionero-que-trasladaba-una-mujer-escondida-en-la-cucheta\/","title":{"rendered":"La Pampa: En la ruta 35 interceptaron a un camionero que trasladaba una mujer escondida en la cucheta."},"content":{"rendered":"<header class=\"single-entry-header\">\n<h1 class=\"single-entry-title entry-title\"><\/h1>\n<\/header>\n<div class=\"entry-content\">\n<p>El personal del Puesto Caminero y la comisar\u00eda de Eduardo Castex interceptaron un cami\u00f3n cerealero en la ruta nacional 35, que se dirig\u00eda hacia la localidad de Pichi Huinca. El transportista ten\u00eda permiso de circulaci\u00f3n, pero llevaba escondida una mujer en la cucheta del rodado, que proven\u00eda de la ciudad neuquina de Confluencia.<\/p>\n<blockquote class=\"wp-block-quote\"><p><strong>\u201cSe percibieron las cortinas cerradas del rodado y cuando se procedi\u00f3 a la identificaci\u00f3n, se hall\u00f3 en la cucheta a una ocupante que ser\u00eda familiar del conductor, pero no ten\u00eda certificado de circulaci\u00f3n\u201d,\u00a0<\/strong>explicaron fuentes policiales.<\/p><\/blockquote>\n<p>La situaci\u00f3n provoc\u00f3 la intervenci\u00f3n del Ministerio P\u00fablico Fiscal (MPF), porque\u00a0<strong>ambos quedaron imputados en una causa judicial por infracci\u00f3n a los art\u00edculos 205 y 239 del C\u00f3digo Penal Argentin<\/strong>o.<\/p>\n<p>El transporte ingres\u00f3 por la zona sur de La Pampa y la direcci\u00f3n de Epidemiolog\u00eda de La Pampa dispuso que se custodie a la mujer, y se coordine el regres\u00f3 a Neuqu\u00e9n con las comisar\u00edas departamentales, la Unidad Regional I y las unidades policiales de la polic\u00eda pampeana.<\/p>\n<p>Fuente Radio Don<\/p>\n<\/div>\n<div class=\"oasis-despues-del-contenido\" id=\"oasis-1758813743\"><img loading=\"lazy\" decoding=\"async\" src=\"https:\/\/oasisfm935.com.ar\/site\/wp-content\/uploads\/2020\/08\/47806202-8741-49f2-a5c9-d2f930e5baa1.jpg\" alt=\"\"  srcset=\"https:\/\/oasisfm935.com.ar\/site\/wp-content\/uploads\/2020\/08\/47806202-8741-49f2-a5c9-d2f930e5baa1.jpg 1080w, https:\/\/oasisfm935.com.ar\/site\/wp-content\/uploads\/2020\/08\/47806202-8741-49f2-a5c9-d2f930e5baa1-300x300.jpg 300w, https:\/\/oasisfm935.com.ar\/site\/wp-content\/uploads\/2020\/08\/47806202-8741-49f2-a5c9-d2f930e5baa1-1024x1024.jpg 1024w, https:\/\/oasisfm935.com.ar\/site\/wp-content\/uploads\/2020\/08\/47806202-8741-49f2-a5c9-d2f930e5baa1-150x150.jpg 150w, https:\/\/oasisfm935.com.ar\/site\/wp-content\/uploads\/2020\/08\/47806202-8741-49f2-a5c9-d2f930e5baa1-768x768.jpg 768w\" sizes=\"(max-width: 1080px) 100vw, 1080px\" class=\"no-lazyload\" width=\"1080\" height=\"1080\"  style=\"display: inline-block;\" \/><\/div>","protected":false},"excerpt":{"rendered":"<p>El personal del Puesto Caminero y la comisar\u00eda de Eduardo Castex interceptaron un cami\u00f3n cerealero en la ruta nacional 35, que se<\/p>\n","protected":false},"author":4,"featured_media":5428,"comment_status":"closed","ping_status":"open","sticky":false,"template":"","format":"standard","meta":{"colormag_page_layout":"default_layout","footnotes":""},"categories":[2],"tags":[],"class_list":["post-5427","post","type-post","status-publish","format-standard","has-post-thumbnail","hentry","category-noticias"],"_links":{"self":[{"href":"https:\/\/oasisfm935.com.ar\/site\/wp-json\/wp\/v2\/posts\/5427","targetHints":{"allow":["GET"]}}],"collection":[{"href":"https:\/\/oasisfm935.com.ar\/site\/wp-json\/wp\/v2\/posts"}],"about":[{"href":"https:\/\/oasisfm935.com.ar\/site\/wp-json\/wp\/v2\/types\/post"}],"author":[{"embeddable":true,"href":"https:\/\/oasisfm935.com.ar\/site\/wp-json\/wp\/v2\/users\/4"}],"replies":[{"embeddable":true,"href":"https:\/\/oasisfm935.com.ar\/site\/wp-json\/wp\/v2\/comments?post=5427"}],"version-history":[{"count":1,"href":"https:\/\/oasisfm935.com.ar\/site\/wp-json\/wp\/v2\/posts\/5427\/revisions"}],"predecessor-version":[{"id":5429,"href":"https:\/\/oasisfm935.com.ar\/site\/wp-json\/wp\/v2\/posts\/5427\/revisions\/5429"}],"wp:featuredmedia":[{"embeddable":true,"href":"https:\/\/oasisfm935.com.ar\/site\/wp-json\/wp\/v2\/media\/5428"}],"wp:attachment":[{"href":"https:\/\/oasisfm935.com.ar\/site\/wp-json\/wp\/v2\/media?parent=5427"}],"wp:term":[{"taxonomy":"category","embeddable":true,"href":"https:\/\/oasisfm935.com.ar\/site\/wp-json\/wp\/v2\/categories?post=5427"},{"taxonomy":"post_tag","embeddable":true,"href":"https:\/\/oasisfm935.com.ar\/site\/wp-json\/wp\/v2\/tags?post=5427"}],"curies":[{"name":"wp","href":"https:\/\/api.w.org\/{rel}","templated":true}]}}