{"id":5430,"date":"2020-07-06T20:26:55","date_gmt":"2020-07-06T23:26:55","guid":{"rendered":"http:\/\/oasisfm935.com\/site\/?p=5430"},"modified":"2020-07-06T20:26:55","modified_gmt":"2020-07-06T23:26:55","slug":"bolsonaro-dice-que-tiene-fiebre-y-sintomas-de-coronavirus","status":"publish","type":"post","link":"https:\/\/oasisfm935.com.ar\/site\/bolsonaro-dice-que-tiene-fiebre-y-sintomas-de-coronavirus\/","title":{"rendered":"Bolsonaro dice que tiene fiebre y s\u00edntomas de coronavirus"},"content":{"rendered":"<p>&nbsp;<\/p>\n<p>El\u00a0<strong>presidente de Brasil, Jair Bolsonaro<\/strong>, inform\u00f3 este lunes que<strong>\u00a0tiene 38 grados de fiebre y un alto porcentaje de ox\u00edgeno en sangre -96%-, ambos posibles s\u00edntomas de coronavirus, y, por eso, est\u00e1 tomando hidrocloroquina<\/strong>, un antipal\u00fadico que \u00e9l y su par estadounidense, Donald Trump, defienden para tratar la Covid-19.<\/p>\n<p><strong>Bolsonaro se realiz\u00f3 el test para evaluar si tiene Covid-19 en el Hospital das For\u00e7as Armadas, en Brasilia<\/strong>. El resultado de la prueba s<strong>e publicar\u00eda alrededor del mediod\u00eda de ma\u00f1ana.<\/strong><\/p>\n<p>El mandatario brasile\u00f1o inform\u00f3 a la cadena CNN que<strong>\u00a0tambi\u00e9n ten\u00eda una resonancia magn\u00e9tica de los pulmones. Seg\u00fan el presidente, este examen no identific\u00f3 ning\u00fan problema.<\/strong><\/p>\n<div class=\"g g-1\">\n<div class=\"g-single a-4\"><\/div>\n<\/div>\n<p>Este<strong>\u00a0lunes, alrededor de las 6 de la tarde, Bolsonaro se reuni\u00f3 con simpatizantes en el jard\u00edn del Pal\u00e1cio da Alvorada, la residencia oficial del presidente, y ten\u00eda un barbijo puesto.<\/strong>\u00a0Las reuniones con sus seguidores son normales en la agenda del mandatario.<\/p>\n<p><strong>Brasil es el segundo pa\u00eds del mundo con m\u00e1s casos y muertos por coronavirus -m\u00e1s de 1,6 millones y de 65.000, respectivamente<\/strong>\u2013 y Bolsonaro se ha convertido en uno de los principales referentes internacionales de los sectores que niegan la gravedad de la pandemia y la efectividad de las recomendaciones de la Organizaci\u00f3n Mundial de la Salud (OMS).<\/p>\n<div class=\"oasis-despues-del-contenido\" id=\"oasis-2275801258\"><img loading=\"lazy\" decoding=\"async\" src=\"https:\/\/oasisfm935.com.ar\/site\/wp-content\/uploads\/2020\/08\/47806202-8741-49f2-a5c9-d2f930e5baa1.jpg\" alt=\"\"  srcset=\"https:\/\/oasisfm935.com.ar\/site\/wp-content\/uploads\/2020\/08\/47806202-8741-49f2-a5c9-d2f930e5baa1.jpg 1080w, https:\/\/oasisfm935.com.ar\/site\/wp-content\/uploads\/2020\/08\/47806202-8741-49f2-a5c9-d2f930e5baa1-300x300.jpg 300w, https:\/\/oasisfm935.com.ar\/site\/wp-content\/uploads\/2020\/08\/47806202-8741-49f2-a5c9-d2f930e5baa1-1024x1024.jpg 1024w, https:\/\/oasisfm935.com.ar\/site\/wp-content\/uploads\/2020\/08\/47806202-8741-49f2-a5c9-d2f930e5baa1-150x150.jpg 150w, https:\/\/oasisfm935.com.ar\/site\/wp-content\/uploads\/2020\/08\/47806202-8741-49f2-a5c9-d2f930e5baa1-768x768.jpg 768w\" sizes=\"(max-width: 1080px) 100vw, 1080px\" class=\"no-lazyload\" width=\"1080\" height=\"1080\"  style=\"display: inline-block;\" \/><\/div>","protected":false},"excerpt":{"rendered":"<p>&nbsp; El\u00a0presidente de Brasil, Jair Bolsonaro, inform\u00f3 este lunes que\u00a0tiene 38 grados de fiebre y un alto porcentaje de ox\u00edgeno en sangre<\/p>\n","protected":false},"author":4,"featured_media":5431,"comment_status":"closed","ping_status":"open","sticky":false,"template":"","format":"standard","meta":{"colormag_page_layout":"default_layout","footnotes":""},"categories":[2],"tags":[],"class_list":["post-5430","post","type-post","status-publish","format-standard","has-post-thumbnail","hentry","category-noticias"],"_links":{"self":[{"href":"https:\/\/oasisfm935.com.ar\/site\/wp-json\/wp\/v2\/posts\/5430","targetHints":{"allow":["GET"]}}],"collection":[{"href":"https:\/\/oasisfm935.com.ar\/site\/wp-json\/wp\/v2\/posts"}],"about":[{"href":"https:\/\/oasisfm935.com.ar\/site\/wp-json\/wp\/v2\/types\/post"}],"author":[{"embeddable":true,"href":"https:\/\/oasisfm935.com.ar\/site\/wp-json\/wp\/v2\/users\/4"}],"replies":[{"embeddable":true,"href":"https:\/\/oasisfm935.com.ar\/site\/wp-json\/wp\/v2\/comments?post=5430"}],"version-history":[{"count":1,"href":"https:\/\/oasisfm935.com.ar\/site\/wp-json\/wp\/v2\/posts\/5430\/revisions"}],"predecessor-version":[{"id":5432,"href":"https:\/\/oasisfm935.com.ar\/site\/wp-json\/wp\/v2\/posts\/5430\/revisions\/5432"}],"wp:featuredmedia":[{"embeddable":true,"href":"https:\/\/oasisfm935.com.ar\/site\/wp-json\/wp\/v2\/media\/5431"}],"wp:attachment":[{"href":"https:\/\/oasisfm935.com.ar\/site\/wp-json\/wp\/v2\/media?parent=5430"}],"wp:term":[{"taxonomy":"category","embeddable":true,"href":"https:\/\/oasisfm935.com.ar\/site\/wp-json\/wp\/v2\/categories?post=5430"},{"taxonomy":"post_tag","embeddable":true,"href":"https:\/\/oasisfm935.com.ar\/site\/wp-json\/wp\/v2\/tags?post=5430"}],"curies":[{"name":"wp","href":"https:\/\/api.w.org\/{rel}","templated":true}]}}