{"id":5434,"date":"2020-07-07T12:38:22","date_gmt":"2020-07-07T15:38:22","guid":{"rendered":"http:\/\/oasisfm935.com\/site\/?p=5434"},"modified":"2020-07-07T12:40:01","modified_gmt":"2020-07-07T15:40:01","slug":"coronavirus-bolsonaro-dio-positivo-de-coronavirus","status":"publish","type":"post","link":"https:\/\/oasisfm935.com.ar\/site\/coronavirus-bolsonaro-dio-positivo-de-coronavirus\/","title":{"rendered":"CORONAVIRUS: Bolsonaro dio positivo de coronavirus"},"content":{"rendered":"<p>Despu\u00e9s de haber tenido s\u00edntomas de coronavirus,\u00a0<strong>el presidente de Brasil Jair Bolsonaro confirm\u00f3 que\u00a0posee la enfermedad.<\/strong><\/p>\n<p><strong>Las fuentes oficiales hab\u00edan informado que el lunes, Bolsonaro, se hab\u00eda presentado para su nuevo hisopado.<\/strong>\u00a0Es el cuarto que se hace desde que lleg\u00f3 la pandemia a Brasil.<\/p>\n<p>Inmediatamente cuando se enter\u00f3,\u00a0<strong>el presidente sali\u00f3 a un jard\u00edn para dar una rueda de prensa<\/strong>\u00a0frente a periodistas frente a frente. Para colmo,<strong>\u00a0los reporteros no guardaron ninguna distancia.<\/strong><\/p>\n<p>\u00abLo llevo bien. No hay que tener pavor. Lo tomo con naturalidad, es la vida\u00bb, afirm\u00f3 a los presentes.<\/p>\n<p>Actualmente,<strong>\u00a0Brasil tiene m\u00e1s de un mill\u00f3n y medio de infectados de COVID-19\u00a0<\/strong>y ya pas\u00f3 los 65 mil muertos por la enfermedad en todo el pa\u00eds. Incluso,\u00a0<strong>hay pol\u00e9mica con respecto al fallecimiento de otra gran cantidad de gente que fueron catalogadas con enfermedades similares al coronavirus.<\/strong><\/p>\n<p>Durante la tarde Bolsonaro ten\u00eda una agenda que debi\u00f3 ser cancelada para que, finalmente, se pueda someter al estudio correspondiente. A partir de esta situaci\u00f3n, el presidente brasile\u00f1o cancel\u00f3 la agenda para toda la semana.<\/p>\n<p>En la tarde del lunes, Bolsonaro tuvo una reuni\u00f3n con simpatizante en el Jard\u00edn del Palacio de Alvorada, en la residencia oficial del presidente.\u00a0 Lo llamativo es que lo hizo utilizando un barbijo que solo utiliza en casos puntuales.<\/p>\n<p>En mayo, Bolsonaro entreg\u00f3 al STF (Tribunal Supremo Federal) documentos seg\u00fan los cuales tres pruebas para Covid-19 realizadas en marzo fueron negativas. El presidente entreg\u00f3 los ex\u00e1menes despu\u00e9s de que el peri\u00f3dico O Estado de S. Paulo acudiera a los tribunales para obtener los resultados.<\/p>\n<div class=\"oasis-despues-del-contenido\" id=\"oasis-4025974091\"><img loading=\"lazy\" decoding=\"async\" src=\"https:\/\/oasisfm935.com.ar\/site\/wp-content\/uploads\/2020\/08\/47806202-8741-49f2-a5c9-d2f930e5baa1.jpg\" alt=\"\"  srcset=\"https:\/\/oasisfm935.com.ar\/site\/wp-content\/uploads\/2020\/08\/47806202-8741-49f2-a5c9-d2f930e5baa1.jpg 1080w, https:\/\/oasisfm935.com.ar\/site\/wp-content\/uploads\/2020\/08\/47806202-8741-49f2-a5c9-d2f930e5baa1-300x300.jpg 300w, https:\/\/oasisfm935.com.ar\/site\/wp-content\/uploads\/2020\/08\/47806202-8741-49f2-a5c9-d2f930e5baa1-1024x1024.jpg 1024w, https:\/\/oasisfm935.com.ar\/site\/wp-content\/uploads\/2020\/08\/47806202-8741-49f2-a5c9-d2f930e5baa1-150x150.jpg 150w, https:\/\/oasisfm935.com.ar\/site\/wp-content\/uploads\/2020\/08\/47806202-8741-49f2-a5c9-d2f930e5baa1-768x768.jpg 768w\" sizes=\"(max-width: 1080px) 100vw, 1080px\" class=\"no-lazyload\" width=\"1080\" height=\"1080\"  style=\"display: inline-block;\" \/><\/div>","protected":false},"excerpt":{"rendered":"<p>Despu\u00e9s de haber tenido s\u00edntomas de coronavirus,\u00a0el presidente de Brasil Jair Bolsonaro confirm\u00f3 que\u00a0posee la enfermedad. Las fuentes oficiales hab\u00edan informado que<\/p>\n","protected":false},"author":4,"featured_media":5437,"comment_status":"closed","ping_status":"open","sticky":false,"template":"","format":"standard","meta":{"colormag_page_layout":"default_layout","footnotes":""},"categories":[2],"tags":[],"class_list":["post-5434","post","type-post","status-publish","format-standard","has-post-thumbnail","hentry","category-noticias"],"_links":{"self":[{"href":"https:\/\/oasisfm935.com.ar\/site\/wp-json\/wp\/v2\/posts\/5434","targetHints":{"allow":["GET"]}}],"collection":[{"href":"https:\/\/oasisfm935.com.ar\/site\/wp-json\/wp\/v2\/posts"}],"about":[{"href":"https:\/\/oasisfm935.com.ar\/site\/wp-json\/wp\/v2\/types\/post"}],"author":[{"embeddable":true,"href":"https:\/\/oasisfm935.com.ar\/site\/wp-json\/wp\/v2\/users\/4"}],"replies":[{"embeddable":true,"href":"https:\/\/oasisfm935.com.ar\/site\/wp-json\/wp\/v2\/comments?post=5434"}],"version-history":[{"count":1,"href":"https:\/\/oasisfm935.com.ar\/site\/wp-json\/wp\/v2\/posts\/5434\/revisions"}],"predecessor-version":[{"id":5436,"href":"https:\/\/oasisfm935.com.ar\/site\/wp-json\/wp\/v2\/posts\/5434\/revisions\/5436"}],"wp:featuredmedia":[{"embeddable":true,"href":"https:\/\/oasisfm935.com.ar\/site\/wp-json\/wp\/v2\/media\/5437"}],"wp:attachment":[{"href":"https:\/\/oasisfm935.com.ar\/site\/wp-json\/wp\/v2\/media?parent=5434"}],"wp:term":[{"taxonomy":"category","embeddable":true,"href":"https:\/\/oasisfm935.com.ar\/site\/wp-json\/wp\/v2\/categories?post=5434"},{"taxonomy":"post_tag","embeddable":true,"href":"https:\/\/oasisfm935.com.ar\/site\/wp-json\/wp\/v2\/tags?post=5434"}],"curies":[{"name":"wp","href":"https:\/\/api.w.org\/{rel}","templated":true}]}}