{"id":5444,"date":"2020-07-07T19:24:06","date_gmt":"2020-07-07T22:24:06","guid":{"rendered":"http:\/\/oasisfm935.com\/site\/?p=5444"},"modified":"2020-07-07T19:25:13","modified_gmt":"2020-07-07T22:25:13","slug":"fin-de-semana-largo-amplian-el-horario-de-los-encuentros-familiares","status":"publish","type":"post","link":"https:\/\/oasisfm935.com.ar\/site\/fin-de-semana-largo-amplian-el-horario-de-los-encuentros-familiares\/","title":{"rendered":"Fin de semana largo: ampl\u00edan el horario de los encuentros familiares."},"content":{"rendered":"<p>Los pr\u00f3ximos d\u00edas mi\u00e9rcoles 8 y jueves 9 tendr\u00e1n la misma modalidad ya prevista para viernes y s\u00e1bado, por lo que los encuentros sociales y reuniones familiares durante este fin de semana largo podr\u00e1n realizarse hasta las 24 horas los cuatro d\u00edas.<\/p>\n<p>Se trata de una medida excepcional basada en el receso establecido por el Gobierno nacional y en el efecto que el mismo produce en las relaciones familiares y sociales.<\/p>\n<p>Sin perjuicio de ello, el Gobierno provincial record\u00f3 los l\u00edmites que dichos encuentros tienen como as\u00ed tambi\u00e9n la prohibici\u00f3n de circulaci\u00f3n durante la madrugada.<\/p>\n<p>Por ello se apela al \u201ccompromiso, solidaridad y responsabilidad social\u201d de todos, para evitar que este tipo de encuentros dilapiden el esfuerzo hecho por la gran mayor\u00eda de la sociedad hasta la fecha.<br \/>\n<strong>Cumplimiento de horarios y protocolos<\/strong><\/p>\n<p>Como ya se ha establecido, est\u00e1 prohibido que estos encuentros superen las 10 personas -recomend\u00e1ndose el aseo frecuente de manos, la utilizaci\u00f3n de alcohol al 70% y no compartir cubiertos u otro tipo de utensilios- como tambi\u00e9n est\u00e1 prohibida la circulaci\u00f3n de personas entre la 1:30 y las 7 de la ma\u00f1ana durante toda la semana.<\/p>\n<p>En tal sentido, en caso de violaciones a toda la normativa COVID-19 se aplicar\u00e1 la Ley que habilita \u201cmultas y clausuras\u201d a quienes no cumplan con los protocolos de prevenci\u00f3n dispuestos por la COVID-19 como as\u00ed tambi\u00e9n se dar\u00e1 traslado al Poder Judicial las actuaciones pertinentes ante la posible comisi\u00f3n de un delito penal.<\/p>\n<div class=\"oasis-despues-del-contenido\" id=\"oasis-2326732258\"><img loading=\"lazy\" decoding=\"async\" src=\"https:\/\/oasisfm935.com.ar\/site\/wp-content\/uploads\/2020\/08\/47806202-8741-49f2-a5c9-d2f930e5baa1.jpg\" alt=\"\"  srcset=\"https:\/\/oasisfm935.com.ar\/site\/wp-content\/uploads\/2020\/08\/47806202-8741-49f2-a5c9-d2f930e5baa1.jpg 1080w, https:\/\/oasisfm935.com.ar\/site\/wp-content\/uploads\/2020\/08\/47806202-8741-49f2-a5c9-d2f930e5baa1-300x300.jpg 300w, https:\/\/oasisfm935.com.ar\/site\/wp-content\/uploads\/2020\/08\/47806202-8741-49f2-a5c9-d2f930e5baa1-1024x1024.jpg 1024w, https:\/\/oasisfm935.com.ar\/site\/wp-content\/uploads\/2020\/08\/47806202-8741-49f2-a5c9-d2f930e5baa1-150x150.jpg 150w, https:\/\/oasisfm935.com.ar\/site\/wp-content\/uploads\/2020\/08\/47806202-8741-49f2-a5c9-d2f930e5baa1-768x768.jpg 768w\" sizes=\"(max-width: 1080px) 100vw, 1080px\" class=\"no-lazyload\" width=\"1080\" height=\"1080\"  style=\"display: inline-block;\" \/><\/div>","protected":false},"excerpt":{"rendered":"<p>Los pr\u00f3ximos d\u00edas mi\u00e9rcoles 8 y jueves 9 tendr\u00e1n la misma modalidad ya prevista para viernes y s\u00e1bado, por lo que los<\/p>\n","protected":false},"author":4,"featured_media":5445,"comment_status":"closed","ping_status":"open","sticky":false,"template":"","format":"standard","meta":{"colormag_page_layout":"default_layout","footnotes":""},"categories":[2],"tags":[],"class_list":["post-5444","post","type-post","status-publish","format-standard","has-post-thumbnail","hentry","category-noticias"],"_links":{"self":[{"href":"https:\/\/oasisfm935.com.ar\/site\/wp-json\/wp\/v2\/posts\/5444","targetHints":{"allow":["GET"]}}],"collection":[{"href":"https:\/\/oasisfm935.com.ar\/site\/wp-json\/wp\/v2\/posts"}],"about":[{"href":"https:\/\/oasisfm935.com.ar\/site\/wp-json\/wp\/v2\/types\/post"}],"author":[{"embeddable":true,"href":"https:\/\/oasisfm935.com.ar\/site\/wp-json\/wp\/v2\/users\/4"}],"replies":[{"embeddable":true,"href":"https:\/\/oasisfm935.com.ar\/site\/wp-json\/wp\/v2\/comments?post=5444"}],"version-history":[{"count":3,"href":"https:\/\/oasisfm935.com.ar\/site\/wp-json\/wp\/v2\/posts\/5444\/revisions"}],"predecessor-version":[{"id":5448,"href":"https:\/\/oasisfm935.com.ar\/site\/wp-json\/wp\/v2\/posts\/5444\/revisions\/5448"}],"wp:featuredmedia":[{"embeddable":true,"href":"https:\/\/oasisfm935.com.ar\/site\/wp-json\/wp\/v2\/media\/5445"}],"wp:attachment":[{"href":"https:\/\/oasisfm935.com.ar\/site\/wp-json\/wp\/v2\/media?parent=5444"}],"wp:term":[{"taxonomy":"category","embeddable":true,"href":"https:\/\/oasisfm935.com.ar\/site\/wp-json\/wp\/v2\/categories?post=5444"},{"taxonomy":"post_tag","embeddable":true,"href":"https:\/\/oasisfm935.com.ar\/site\/wp-json\/wp\/v2\/tags?post=5444"}],"curies":[{"name":"wp","href":"https:\/\/api.w.org\/{rel}","templated":true}]}}