{"id":5449,"date":"2020-07-08T09:11:47","date_gmt":"2020-07-08T12:11:47","guid":{"rendered":"http:\/\/oasisfm935.com\/site\/?p=5449"},"modified":"2020-07-08T09:11:47","modified_gmt":"2020-07-08T12:11:47","slug":"la-pampa-educacion-reafirma-que-no-hay-vuelta-a-las-aulas","status":"publish","type":"post","link":"https:\/\/oasisfm935.com.ar\/site\/la-pampa-educacion-reafirma-que-no-hay-vuelta-a-las-aulas\/","title":{"rendered":"La Pampa:  Educaci\u00f3n reafirma que no hay vuelta a las aulas"},"content":{"rendered":"<p>El gobierno pampeano aclar\u00f3 definitivamente que tras las vacaciones de invierno -que terminan el 24 de julio- continuar\u00e1 la actual modalidad de trabajo.\u00a0<strong>\u00abAgosto ser\u00e1 de planificaci\u00f3n y organizaci\u00f3n institucional\u00bb, dijo el Ministerio.<\/strong><\/p>\n<p>El gobierno provincial reafirm\u00f3 que, a contramano de lo que se ven\u00eda sugiriendo en las \u00faltimas semanas, no es inminente el regreso a las aulas. El Ministerio de Educaci\u00f3n decidi\u00f3 difundir un mensaje a las familias pampeanas para tratar de aclarar cu\u00e1les son las perspectivas respecto de las clases en los distintos niveles.<\/p>\n<p>Tras las evaluaciones en conjunto con el gobierno nacional, la provincia hab\u00eda dado a entender la posibilidad de que ya en agosto hubiera algunos movimientos en los establecimientos escolares. Eso de a poco parece ir relativiz\u00e1ndose. Primero el gobernador Sergio Ziliotto dej\u00f3 en claro que no hay apuros con el tema, despu\u00e9s de los gremios que agrupan a trabajadores y trabajadoras de la Educaci\u00f3n hicieron sus advertencias.<\/p>\n<p><img decoding=\"async\" src=\"https:\/\/www.eldiariodelapampa.com.ar\/images\/2020\/julio_2020\/08-07-2020\/educacion.jpg\" alt=\"educacion\" \/><\/p>\n<p>Ahora, el Ministerio intent\u00f3 aclarar definitivamente la situaci\u00f3n, al menos en este momento: tras las vacaciones invernales que culminan el 24 de julio la modalidad de ense\u00f1anza y aprendizaje ser\u00e1 la misma que en este momento, y el mes de agosto estar\u00e1 destinado m\u00e1s que nada a planificaci\u00f3n y organizaci\u00f3n.<\/p>\n<p>El Ministerio inform\u00f3 a las familias que \u00aba\u00fan no se ha definido una fecha para el regreso de los alumnos a las aulas\u00bb.<\/p>\n<p>Asever\u00f3 que luego del receso invernal (vacaciones de julio del 9 al 24 de este mes), \u00abse continuar\u00e1 trabajando con la misma modalidad que se est\u00e1 llevando a cabo desde que se suspendieron las clases con motivo de la pandemia\u00bb.<\/p>\n<p>La decisi\u00f3n de la fecha del regreso a clases \u00abser\u00e1 tomada en el momento en que la situaci\u00f3n epidemiol\u00f3gica lo permita\u00bb y de manera conjunta con el Ministerio de Salud de la provincia, a fin de adoptar todas las medidas de salud necesarias y garantizar un retorno seguro a los establecimientos educativos.<\/p>\n<p>El mes de agosto \u00abser\u00e1 de planificaci\u00f3n y organizaci\u00f3n institucional\u00bb para dar continuidad al proceso de ense\u00f1anza aprendizaje que se est\u00e1 llevando a cabo desde sus hogares y articularlo paulatinamente con el regreso a la presencialidad, insisti\u00f3 el Ministerio.<\/p>\n<div class=\"oasis-despues-del-contenido\" id=\"oasis-468544254\"><img loading=\"lazy\" decoding=\"async\" src=\"https:\/\/oasisfm935.com.ar\/site\/wp-content\/uploads\/2020\/08\/47806202-8741-49f2-a5c9-d2f930e5baa1.jpg\" alt=\"\"  srcset=\"https:\/\/oasisfm935.com.ar\/site\/wp-content\/uploads\/2020\/08\/47806202-8741-49f2-a5c9-d2f930e5baa1.jpg 1080w, https:\/\/oasisfm935.com.ar\/site\/wp-content\/uploads\/2020\/08\/47806202-8741-49f2-a5c9-d2f930e5baa1-300x300.jpg 300w, https:\/\/oasisfm935.com.ar\/site\/wp-content\/uploads\/2020\/08\/47806202-8741-49f2-a5c9-d2f930e5baa1-1024x1024.jpg 1024w, https:\/\/oasisfm935.com.ar\/site\/wp-content\/uploads\/2020\/08\/47806202-8741-49f2-a5c9-d2f930e5baa1-150x150.jpg 150w, https:\/\/oasisfm935.com.ar\/site\/wp-content\/uploads\/2020\/08\/47806202-8741-49f2-a5c9-d2f930e5baa1-768x768.jpg 768w\" sizes=\"(max-width: 1080px) 100vw, 1080px\" class=\"no-lazyload\" width=\"1080\" height=\"1080\"  style=\"display: inline-block;\" \/><\/div>","protected":false},"excerpt":{"rendered":"<p>El gobierno pampeano aclar\u00f3 definitivamente que tras las vacaciones de invierno -que terminan el 24 de julio- continuar\u00e1 la actual modalidad de<\/p>\n","protected":false},"author":4,"featured_media":5450,"comment_status":"closed","ping_status":"open","sticky":false,"template":"","format":"standard","meta":{"colormag_page_layout":"default_layout","footnotes":""},"categories":[2],"tags":[],"class_list":["post-5449","post","type-post","status-publish","format-standard","has-post-thumbnail","hentry","category-noticias"],"_links":{"self":[{"href":"https:\/\/oasisfm935.com.ar\/site\/wp-json\/wp\/v2\/posts\/5449","targetHints":{"allow":["GET"]}}],"collection":[{"href":"https:\/\/oasisfm935.com.ar\/site\/wp-json\/wp\/v2\/posts"}],"about":[{"href":"https:\/\/oasisfm935.com.ar\/site\/wp-json\/wp\/v2\/types\/post"}],"author":[{"embeddable":true,"href":"https:\/\/oasisfm935.com.ar\/site\/wp-json\/wp\/v2\/users\/4"}],"replies":[{"embeddable":true,"href":"https:\/\/oasisfm935.com.ar\/site\/wp-json\/wp\/v2\/comments?post=5449"}],"version-history":[{"count":1,"href":"https:\/\/oasisfm935.com.ar\/site\/wp-json\/wp\/v2\/posts\/5449\/revisions"}],"predecessor-version":[{"id":5451,"href":"https:\/\/oasisfm935.com.ar\/site\/wp-json\/wp\/v2\/posts\/5449\/revisions\/5451"}],"wp:featuredmedia":[{"embeddable":true,"href":"https:\/\/oasisfm935.com.ar\/site\/wp-json\/wp\/v2\/media\/5450"}],"wp:attachment":[{"href":"https:\/\/oasisfm935.com.ar\/site\/wp-json\/wp\/v2\/media?parent=5449"}],"wp:term":[{"taxonomy":"category","embeddable":true,"href":"https:\/\/oasisfm935.com.ar\/site\/wp-json\/wp\/v2\/categories?post=5449"},{"taxonomy":"post_tag","embeddable":true,"href":"https:\/\/oasisfm935.com.ar\/site\/wp-json\/wp\/v2\/tags?post=5449"}],"curies":[{"name":"wp","href":"https:\/\/api.w.org\/{rel}","templated":true}]}}