{"id":5461,"date":"2020-07-08T17:33:06","date_gmt":"2020-07-08T20:33:06","guid":{"rendered":"http:\/\/oasisfm935.com\/site\/?p=5461"},"modified":"2020-07-08T17:35:17","modified_gmt":"2020-07-08T20:35:17","slug":"ingeniero-luiggi-recoleccion-de-residuos-por-el-feriado-del-9-de-julio","status":"publish","type":"post","link":"https:\/\/oasisfm935.com.ar\/site\/ingeniero-luiggi-recoleccion-de-residuos-por-el-feriado-del-9-de-julio\/","title":{"rendered":"Ingeniero Luiggi: Recolecci\u00f3n de residuos por el feriado del 9 de julio"},"content":{"rendered":"<p>Teniendo en cuenta que esta semana estar\u00e1 cortada por el feriado del 9 de julio D\u00eda de la Independencia, y por ahora, lo que ser\u00eda el feriado puente del viernes 10, <strong>la comuna de Ingeniero Luiggi anunci\u00f3 como ser\u00e1 la prestaci\u00f3n del servicio de recolecci\u00f3n de residuos.<\/strong><\/p>\n<p>Desde la Direcci\u00f3n\u00a0 Servicios P\u00fablicos y Espacios Verdes, indicaron que<strong> el jueves 9 de julio \u201cno habr\u00e1 recolecci\u00f3n de residuos de ning\u00fan tipo\u201d.\u00a0<\/strong><\/p>\n<p><strong>En el fieriado puente la labor ser\u00e1 totalmente<\/strong>\u00a0<strong>normal<\/strong>\u00a0por lo que ser\u00e1 restablecido el servicio\u00a0<strong>\u201ca partir del viernes 10 en sus recorridos y horarios habituales\u201d<\/strong>, agreg\u00f3 el comunicado.<\/p>\n<p>Desde el municipio\u00a0<strong>solicitaron la colaboraci\u00f3n de la poblaci\u00f3n para mantener la limpieza de\u00a0 la localidad \u201csacando la basura en el d\u00eda y horario correspondiente\u201d.<\/strong><\/p>\n<div id=\"fb-root\"><\/div>\n<p><script async=\"1\" defer=\"1\" crossorigin=\"anonymous\" src=\"https:\/\/connect.facebook.net\/es_LA\/sdk.js#xfbml=1&amp;version=v7.0\" nonce=\"mDb0HBlg\"><\/script><\/p>\n<div class=\"fb-post\" data-href=\"https:\/\/www.facebook.com\/gobiernodeluiggi\/photos\/a.1117417695008395\/3177374255679385\/?type=3&amp;theater\" data-width=\"750\">\n<blockquote cite=\"https:\/\/www.facebook.com\/gobiernodeluiggi\/photos\/a.1117417695008395\/3177374255679385\/?type=3\" class=\"fb-xfbml-parse-ignore\">\n<p>\u26a0\ufe0fCAMBIO DE HORARIO \u2757\ufe0f\u2757\ufe0f\u2757\ufe0f\u2714\ufe0fJueves 9 de Julio SIN SERVICIO\u2714\ufe0fViernes 10 de Julio horario NORMAL#Luiggi #Residuos #Recolecci\u00f3n<\/p>\n<p>Publicado por <a href=\"https:\/\/www.facebook.com\/gobiernodeluiggi\/\">Gobierno de Ingeniero Luiggi<\/a> en&nbsp;<a href=\"https:\/\/www.facebook.com\/gobiernodeluiggi\/photos\/a.1117417695008395\/3177374255679385\/?type=3\">Mi\u00e9rcoles, 8 de julio de 2020<\/a><\/p><\/blockquote>\n<\/div>\n<div class=\"oasis-despues-del-contenido\" id=\"oasis-2402770999\"><img loading=\"lazy\" decoding=\"async\" src=\"https:\/\/oasisfm935.com.ar\/site\/wp-content\/uploads\/2020\/08\/47806202-8741-49f2-a5c9-d2f930e5baa1.jpg\" alt=\"\"  srcset=\"https:\/\/oasisfm935.com.ar\/site\/wp-content\/uploads\/2020\/08\/47806202-8741-49f2-a5c9-d2f930e5baa1.jpg 1080w, https:\/\/oasisfm935.com.ar\/site\/wp-content\/uploads\/2020\/08\/47806202-8741-49f2-a5c9-d2f930e5baa1-300x300.jpg 300w, https:\/\/oasisfm935.com.ar\/site\/wp-content\/uploads\/2020\/08\/47806202-8741-49f2-a5c9-d2f930e5baa1-1024x1024.jpg 1024w, https:\/\/oasisfm935.com.ar\/site\/wp-content\/uploads\/2020\/08\/47806202-8741-49f2-a5c9-d2f930e5baa1-150x150.jpg 150w, https:\/\/oasisfm935.com.ar\/site\/wp-content\/uploads\/2020\/08\/47806202-8741-49f2-a5c9-d2f930e5baa1-768x768.jpg 768w\" sizes=\"(max-width: 1080px) 100vw, 1080px\" class=\"no-lazyload\" width=\"1080\" height=\"1080\"  style=\"display: inline-block;\" \/><\/div>","protected":false},"excerpt":{"rendered":"<p>Teniendo en cuenta que esta semana estar\u00e1 cortada por el feriado del 9 de julio D\u00eda de la Independencia, y por ahora,<\/p>\n","protected":false},"author":4,"featured_media":5462,"comment_status":"closed","ping_status":"open","sticky":false,"template":"","format":"standard","meta":{"colormag_page_layout":"default_layout","footnotes":""},"categories":[2],"tags":[],"class_list":["post-5461","post","type-post","status-publish","format-standard","has-post-thumbnail","hentry","category-noticias"],"_links":{"self":[{"href":"https:\/\/oasisfm935.com.ar\/site\/wp-json\/wp\/v2\/posts\/5461","targetHints":{"allow":["GET"]}}],"collection":[{"href":"https:\/\/oasisfm935.com.ar\/site\/wp-json\/wp\/v2\/posts"}],"about":[{"href":"https:\/\/oasisfm935.com.ar\/site\/wp-json\/wp\/v2\/types\/post"}],"author":[{"embeddable":true,"href":"https:\/\/oasisfm935.com.ar\/site\/wp-json\/wp\/v2\/users\/4"}],"replies":[{"embeddable":true,"href":"https:\/\/oasisfm935.com.ar\/site\/wp-json\/wp\/v2\/comments?post=5461"}],"version-history":[{"count":2,"href":"https:\/\/oasisfm935.com.ar\/site\/wp-json\/wp\/v2\/posts\/5461\/revisions"}],"predecessor-version":[{"id":5464,"href":"https:\/\/oasisfm935.com.ar\/site\/wp-json\/wp\/v2\/posts\/5461\/revisions\/5464"}],"wp:featuredmedia":[{"embeddable":true,"href":"https:\/\/oasisfm935.com.ar\/site\/wp-json\/wp\/v2\/media\/5462"}],"wp:attachment":[{"href":"https:\/\/oasisfm935.com.ar\/site\/wp-json\/wp\/v2\/media?parent=5461"}],"wp:term":[{"taxonomy":"category","embeddable":true,"href":"https:\/\/oasisfm935.com.ar\/site\/wp-json\/wp\/v2\/categories?post=5461"},{"taxonomy":"post_tag","embeddable":true,"href":"https:\/\/oasisfm935.com.ar\/site\/wp-json\/wp\/v2\/tags?post=5461"}],"curies":[{"name":"wp","href":"https:\/\/api.w.org\/{rel}","templated":true}]}}