{"id":5465,"date":"2020-07-08T19:12:59","date_gmt":"2020-07-08T22:12:59","guid":{"rendered":"http:\/\/oasisfm935.com\/site\/?p=5465"},"modified":"2020-07-08T19:12:59","modified_gmt":"2020-07-08T22:12:59","slug":"la-pampa-le-volvio-a-pedir-a-la-corte-que-suspenda-la-licitacion-de-portezuelo","status":"publish","type":"post","link":"https:\/\/oasisfm935.com.ar\/site\/la-pampa-le-volvio-a-pedir-a-la-corte-que-suspenda-la-licitacion-de-portezuelo\/","title":{"rendered":"La Pampa le volvi\u00f3 a pedir a la Corte que suspenda la licitaci\u00f3n de Portezuelo"},"content":{"rendered":"<p><strong>El Gobierno Provincial realiz\u00f3 una nueva presentaci\u00f3n ante la decisi\u00f3n de Mendoza de avanzar en la licitaci\u00f3n de la obra Portezuelo del Viento.\u00a0 <\/strong><\/p>\n<p>En tal sentido el Gobernador Sergio Ziliotto solicita se resuelva la medida cautelar peticionada en la demanda iniciada el 16 de agosto del a\u00f1o pasado por el entonces gobernador Carlos Verna.<\/p>\n<p>En esta nueva denuncia se pide a la Corte que ordene no iniciar y\/o se suspendan los procedimientos y\/o trabajos que se est\u00e9n llevando adelante con el fin de la concreci\u00f3n y puesta en funcionamiento de la obra denominada \u201cAprovechamiento H\u00eddrico Multiprop\u00f3sito Portezuelo del Viento\u201d hasta tanto se realice una Evaluaci\u00f3n de Impacto Ambiental sobre toda la cuenca del R\u00edo Colorado, que respete el derecho de informaci\u00f3n p\u00fablica y participaci\u00f3n ciudadana y sea aprobado o desaprobado \u2013con car\u00e1cter vinculante- por el Consejo de Gobierno del Comit\u00e9 Inter-jurisdiccional del R\u00edo Colorado.<\/p>\n<p><strong>El nuevo hecho<\/strong><br \/>\nAsimismo, agrega a la demanda original la denuncia de un hecho nuevo producto de la realizaci\u00f3n del acto de apertura de la licitaci\u00f3n.<\/p>\n<p>En este sentido se indica que la Provincia de Mendoza hace caso omiso a la decisi\u00f3n tomada por el Consejo de Gobierno, \u00f3rgano superior de COIRCO, que a trav\u00e9s de su Consejo de Gobierno entendi\u00f3 la necesidad de realizar una Evaluaci\u00f3n de Impacto Ambiental Integral y dispuso la realizaci\u00f3n de la misma.<\/p>\n<p>La Pampa plantea que se \u201cest\u00e1 desconociendo la integralidad de la cuenca y la necesidad de manejarla como una unidad de gesti\u00f3n, procediendo as\u00ed a un manejo sectorizado que pone en riesgo a la misma\u201d.<\/p>\n<p>Vale mencionar que cuatro de las cinco provincias que integran la COIRCO decidieron a trav\u00e9s de una votaci\u00f3n\u00a0 la realizaci\u00f3n\u00a0 de la evaluaci\u00f3n de impacto ambiental bas\u00e1ndose\u00a0 a la Ley de Obras Hidr\u00e1ulicas Nro. 23.879.<\/p>\n<p>En la presentaci\u00f3n se enfatiza que no obstante la decisi\u00f3n tomada por amplia mayor\u00eda \u201cuna vez m\u00e1s la Provincia de Mendoza, manifiesta un actuar contrario a las pol\u00edticas adoptadas por las restantes provincias integrantes de COIRCO, desconociendo, en consecuencia, la interprovincialidad del R\u00edo Colorado y la concepci\u00f3n misma de cuenca h\u00eddrica\u201d.<\/p>\n<div class=\"oasis-despues-del-contenido\" id=\"oasis-1474750921\"><img loading=\"lazy\" decoding=\"async\" src=\"https:\/\/oasisfm935.com.ar\/site\/wp-content\/uploads\/2020\/08\/47806202-8741-49f2-a5c9-d2f930e5baa1.jpg\" alt=\"\"  srcset=\"https:\/\/oasisfm935.com.ar\/site\/wp-content\/uploads\/2020\/08\/47806202-8741-49f2-a5c9-d2f930e5baa1.jpg 1080w, https:\/\/oasisfm935.com.ar\/site\/wp-content\/uploads\/2020\/08\/47806202-8741-49f2-a5c9-d2f930e5baa1-300x300.jpg 300w, https:\/\/oasisfm935.com.ar\/site\/wp-content\/uploads\/2020\/08\/47806202-8741-49f2-a5c9-d2f930e5baa1-1024x1024.jpg 1024w, https:\/\/oasisfm935.com.ar\/site\/wp-content\/uploads\/2020\/08\/47806202-8741-49f2-a5c9-d2f930e5baa1-150x150.jpg 150w, https:\/\/oasisfm935.com.ar\/site\/wp-content\/uploads\/2020\/08\/47806202-8741-49f2-a5c9-d2f930e5baa1-768x768.jpg 768w\" sizes=\"(max-width: 1080px) 100vw, 1080px\" class=\"no-lazyload\" width=\"1080\" height=\"1080\"  style=\"display: inline-block;\" \/><\/div>","protected":false},"excerpt":{"rendered":"<p>El Gobierno Provincial realiz\u00f3 una nueva presentaci\u00f3n ante la decisi\u00f3n de Mendoza de avanzar en la licitaci\u00f3n de la obra Portezuelo del<\/p>\n","protected":false},"author":4,"featured_media":5311,"comment_status":"closed","ping_status":"open","sticky":false,"template":"","format":"standard","meta":{"colormag_page_layout":"default_layout","footnotes":""},"categories":[2],"tags":[],"class_list":["post-5465","post","type-post","status-publish","format-standard","has-post-thumbnail","hentry","category-noticias"],"_links":{"self":[{"href":"https:\/\/oasisfm935.com.ar\/site\/wp-json\/wp\/v2\/posts\/5465","targetHints":{"allow":["GET"]}}],"collection":[{"href":"https:\/\/oasisfm935.com.ar\/site\/wp-json\/wp\/v2\/posts"}],"about":[{"href":"https:\/\/oasisfm935.com.ar\/site\/wp-json\/wp\/v2\/types\/post"}],"author":[{"embeddable":true,"href":"https:\/\/oasisfm935.com.ar\/site\/wp-json\/wp\/v2\/users\/4"}],"replies":[{"embeddable":true,"href":"https:\/\/oasisfm935.com.ar\/site\/wp-json\/wp\/v2\/comments?post=5465"}],"version-history":[{"count":1,"href":"https:\/\/oasisfm935.com.ar\/site\/wp-json\/wp\/v2\/posts\/5465\/revisions"}],"predecessor-version":[{"id":5466,"href":"https:\/\/oasisfm935.com.ar\/site\/wp-json\/wp\/v2\/posts\/5465\/revisions\/5466"}],"wp:featuredmedia":[{"embeddable":true,"href":"https:\/\/oasisfm935.com.ar\/site\/wp-json\/wp\/v2\/media\/5311"}],"wp:attachment":[{"href":"https:\/\/oasisfm935.com.ar\/site\/wp-json\/wp\/v2\/media?parent=5465"}],"wp:term":[{"taxonomy":"category","embeddable":true,"href":"https:\/\/oasisfm935.com.ar\/site\/wp-json\/wp\/v2\/categories?post=5465"},{"taxonomy":"post_tag","embeddable":true,"href":"https:\/\/oasisfm935.com.ar\/site\/wp-json\/wp\/v2\/tags?post=5465"}],"curies":[{"name":"wp","href":"https:\/\/api.w.org\/{rel}","templated":true}]}}