{"id":5467,"date":"2020-07-09T11:51:57","date_gmt":"2020-07-09T14:51:57","guid":{"rendered":"http:\/\/oasisfm935.com\/site\/?p=5467"},"modified":"2020-07-09T11:51:57","modified_gmt":"2020-07-09T14:51:57","slug":"creditos-a-tasa-baja-para-que-docentes-adquieran-computadoras","status":"publish","type":"post","link":"https:\/\/oasisfm935.com.ar\/site\/creditos-a-tasa-baja-para-que-docentes-adquieran-computadoras\/","title":{"rendered":"Cr\u00e9ditos a tasa baja para que docentes adquieran computadoras"},"content":{"rendered":"<p><strong>El ministro de Educaci\u00f3n, Nicol\u00e1s Trotta, remarc\u00f3 hoy que la expectativa del Gobierno es \u00abun regreso a las aulas este a\u00f1o\u00bb pero consider\u00f3 \u00abirresponsable establecer una fecha\u00bb en este momento, mientras que adelant\u00f3 un cr\u00e9dito a tasa baja para que los maestros adquieran una computadora.<\/strong><\/p>\n<p>\u00abNuestra expectativa es un regreso a las aulas este a\u00f1o pero es irresponsable establecer una fecha en esta situaci\u00f3n\u00bb, indic\u00f3 Trotta en declaraciones radiales.<\/p>\n<p>El ministro tambi\u00e9n manifest\u00f3: \u00ablos grados que no se puedan terminar los vamos a tener que reorganizar con el ciclo 2021 e incluso con el 2022\u00bb.<\/p>\n<p>\u00abHemos aprobado un protocolo para el regreso seguro a las aulas en las universidades\u00bb, subray\u00f3.<\/p>\n<p>Por \u00faltimo, adelant\u00f3: \u00abVamos a dar cr\u00e9ditos a los docentes para comprar computadoras en 36 cuotas a tasa muy baja\u00bb.<\/p>\n<div class=\"oasis-despues-del-contenido\" id=\"oasis-2599206826\"><img loading=\"lazy\" decoding=\"async\" src=\"https:\/\/oasisfm935.com.ar\/site\/wp-content\/uploads\/2020\/08\/47806202-8741-49f2-a5c9-d2f930e5baa1.jpg\" alt=\"\"  srcset=\"https:\/\/oasisfm935.com.ar\/site\/wp-content\/uploads\/2020\/08\/47806202-8741-49f2-a5c9-d2f930e5baa1.jpg 1080w, https:\/\/oasisfm935.com.ar\/site\/wp-content\/uploads\/2020\/08\/47806202-8741-49f2-a5c9-d2f930e5baa1-300x300.jpg 300w, https:\/\/oasisfm935.com.ar\/site\/wp-content\/uploads\/2020\/08\/47806202-8741-49f2-a5c9-d2f930e5baa1-1024x1024.jpg 1024w, https:\/\/oasisfm935.com.ar\/site\/wp-content\/uploads\/2020\/08\/47806202-8741-49f2-a5c9-d2f930e5baa1-150x150.jpg 150w, https:\/\/oasisfm935.com.ar\/site\/wp-content\/uploads\/2020\/08\/47806202-8741-49f2-a5c9-d2f930e5baa1-768x768.jpg 768w\" sizes=\"(max-width: 1080px) 100vw, 1080px\" class=\"no-lazyload\" width=\"1080\" height=\"1080\"  style=\"display: inline-block;\" \/><\/div>","protected":false},"excerpt":{"rendered":"<p>El ministro de Educaci\u00f3n, Nicol\u00e1s Trotta, remarc\u00f3 hoy que la expectativa del Gobierno es \u00abun regreso a las aulas este a\u00f1o\u00bb pero<\/p>\n","protected":false},"author":4,"featured_media":5468,"comment_status":"closed","ping_status":"open","sticky":false,"template":"","format":"standard","meta":{"colormag_page_layout":"default_layout","footnotes":""},"categories":[2],"tags":[],"class_list":["post-5467","post","type-post","status-publish","format-standard","has-post-thumbnail","hentry","category-noticias"],"_links":{"self":[{"href":"https:\/\/oasisfm935.com.ar\/site\/wp-json\/wp\/v2\/posts\/5467","targetHints":{"allow":["GET"]}}],"collection":[{"href":"https:\/\/oasisfm935.com.ar\/site\/wp-json\/wp\/v2\/posts"}],"about":[{"href":"https:\/\/oasisfm935.com.ar\/site\/wp-json\/wp\/v2\/types\/post"}],"author":[{"embeddable":true,"href":"https:\/\/oasisfm935.com.ar\/site\/wp-json\/wp\/v2\/users\/4"}],"replies":[{"embeddable":true,"href":"https:\/\/oasisfm935.com.ar\/site\/wp-json\/wp\/v2\/comments?post=5467"}],"version-history":[{"count":1,"href":"https:\/\/oasisfm935.com.ar\/site\/wp-json\/wp\/v2\/posts\/5467\/revisions"}],"predecessor-version":[{"id":5469,"href":"https:\/\/oasisfm935.com.ar\/site\/wp-json\/wp\/v2\/posts\/5467\/revisions\/5469"}],"wp:featuredmedia":[{"embeddable":true,"href":"https:\/\/oasisfm935.com.ar\/site\/wp-json\/wp\/v2\/media\/5468"}],"wp:attachment":[{"href":"https:\/\/oasisfm935.com.ar\/site\/wp-json\/wp\/v2\/media?parent=5467"}],"wp:term":[{"taxonomy":"category","embeddable":true,"href":"https:\/\/oasisfm935.com.ar\/site\/wp-json\/wp\/v2\/categories?post=5467"},{"taxonomy":"post_tag","embeddable":true,"href":"https:\/\/oasisfm935.com.ar\/site\/wp-json\/wp\/v2\/tags?post=5467"}],"curies":[{"name":"wp","href":"https:\/\/api.w.org\/{rel}","templated":true}]}}