{"id":5470,"date":"2020-07-09T12:33:17","date_gmt":"2020-07-09T15:33:17","guid":{"rendered":"http:\/\/oasisfm935.com\/site\/?p=5470"},"modified":"2020-07-09T12:33:17","modified_gmt":"2020-07-09T15:33:17","slug":"la-pampa-alerta-por-vientos-fuertes","status":"publish","type":"post","link":"https:\/\/oasisfm935.com.ar\/site\/la-pampa-alerta-por-vientos-fuertes\/","title":{"rendered":"La Pampa: Alerta por vientos fuertes"},"content":{"rendered":"<p>El Servicio Meteor\u00f3logo\u00a0 Nacional emiti\u00f3 un alerta por\u00a0<strong>vientos intensos con r\u00e1fagas de hasta 75 km\/h para el centro y oeste de La Pampa<\/strong>, sur de Mendoza, oeste, centro y este de Neuqu\u00e9n y R\u00edo Negro.<\/p>\n<p>\u201cSobre el \u00e1rea de cobertura se espera que durante este jueves se incrementen los vientos del sector oeste, alcanzando velocidades entre 50 y 75 km\/h, con r\u00e1fagas\u201d, anunci\u00f3 el SMN.<\/p>\n<p>\u201cLas velocidades m\u00e1s altas se esperan sobre el centro y oeste de Neuqu\u00e9n, en donde las r\u00e1fagas podr\u00edan superar los 110km\/h entre la tarde y la noche de hoy\u201d, agreg\u00f3.<\/p>\n<div class=\"oasis-despues-del-contenido\" id=\"oasis-3464427267\"><img loading=\"lazy\" decoding=\"async\" src=\"https:\/\/oasisfm935.com.ar\/site\/wp-content\/uploads\/2020\/08\/47806202-8741-49f2-a5c9-d2f930e5baa1.jpg\" alt=\"\"  srcset=\"https:\/\/oasisfm935.com.ar\/site\/wp-content\/uploads\/2020\/08\/47806202-8741-49f2-a5c9-d2f930e5baa1.jpg 1080w, https:\/\/oasisfm935.com.ar\/site\/wp-content\/uploads\/2020\/08\/47806202-8741-49f2-a5c9-d2f930e5baa1-300x300.jpg 300w, https:\/\/oasisfm935.com.ar\/site\/wp-content\/uploads\/2020\/08\/47806202-8741-49f2-a5c9-d2f930e5baa1-1024x1024.jpg 1024w, https:\/\/oasisfm935.com.ar\/site\/wp-content\/uploads\/2020\/08\/47806202-8741-49f2-a5c9-d2f930e5baa1-150x150.jpg 150w, https:\/\/oasisfm935.com.ar\/site\/wp-content\/uploads\/2020\/08\/47806202-8741-49f2-a5c9-d2f930e5baa1-768x768.jpg 768w\" sizes=\"(max-width: 1080px) 100vw, 1080px\" class=\"no-lazyload\" width=\"1080\" height=\"1080\"  style=\"display: inline-block;\" \/><\/div>","protected":false},"excerpt":{"rendered":"<p>El Servicio Meteor\u00f3logo\u00a0 Nacional emiti\u00f3 un alerta por\u00a0vientos intensos con r\u00e1fagas de hasta 75 km\/h para el centro y oeste de La<\/p>\n","protected":false},"author":4,"featured_media":5471,"comment_status":"closed","ping_status":"open","sticky":false,"template":"","format":"standard","meta":{"colormag_page_layout":"default_layout","footnotes":""},"categories":[2],"tags":[],"class_list":["post-5470","post","type-post","status-publish","format-standard","has-post-thumbnail","hentry","category-noticias"],"_links":{"self":[{"href":"https:\/\/oasisfm935.com.ar\/site\/wp-json\/wp\/v2\/posts\/5470","targetHints":{"allow":["GET"]}}],"collection":[{"href":"https:\/\/oasisfm935.com.ar\/site\/wp-json\/wp\/v2\/posts"}],"about":[{"href":"https:\/\/oasisfm935.com.ar\/site\/wp-json\/wp\/v2\/types\/post"}],"author":[{"embeddable":true,"href":"https:\/\/oasisfm935.com.ar\/site\/wp-json\/wp\/v2\/users\/4"}],"replies":[{"embeddable":true,"href":"https:\/\/oasisfm935.com.ar\/site\/wp-json\/wp\/v2\/comments?post=5470"}],"version-history":[{"count":1,"href":"https:\/\/oasisfm935.com.ar\/site\/wp-json\/wp\/v2\/posts\/5470\/revisions"}],"predecessor-version":[{"id":5472,"href":"https:\/\/oasisfm935.com.ar\/site\/wp-json\/wp\/v2\/posts\/5470\/revisions\/5472"}],"wp:featuredmedia":[{"embeddable":true,"href":"https:\/\/oasisfm935.com.ar\/site\/wp-json\/wp\/v2\/media\/5471"}],"wp:attachment":[{"href":"https:\/\/oasisfm935.com.ar\/site\/wp-json\/wp\/v2\/media?parent=5470"}],"wp:term":[{"taxonomy":"category","embeddable":true,"href":"https:\/\/oasisfm935.com.ar\/site\/wp-json\/wp\/v2\/categories?post=5470"},{"taxonomy":"post_tag","embeddable":true,"href":"https:\/\/oasisfm935.com.ar\/site\/wp-json\/wp\/v2\/tags?post=5470"}],"curies":[{"name":"wp","href":"https:\/\/api.w.org\/{rel}","templated":true}]}}