{"id":5473,"date":"2020-07-10T08:37:43","date_gmt":"2020-07-10T11:37:43","guid":{"rendered":"http:\/\/oasisfm935.com\/site\/?p=5473"},"modified":"2020-07-10T08:38:46","modified_gmt":"2020-07-10T11:38:46","slug":"vecino-de-luiggi-decidio-visibilizar-su-reclamo-en-el-acto-por-el-dia-de-la-independencia","status":"publish","type":"post","link":"https:\/\/oasisfm935.com.ar\/site\/vecino-de-luiggi-decidio-visibilizar-su-reclamo-en-el-acto-por-el-dia-de-la-independencia\/","title":{"rendered":"Vecino de Luiggi decidi\u00f3 visibilizar su reclamo en el acto por el D\u00eda de la Independencia"},"content":{"rendered":"<p>Jorge Alberto Poma es un vecino de Ingeniero Luiggi que se acerc\u00f3 a uno de los actos realizados por el municipio en este 204\u00ba aniversario de la Independencia a plantear su reclamo.<\/p>\n<p>El vecino se acerc\u00f3 a la plazoleta frente a la estaci\u00f3n del ferrocarril a hacer visible su reclamo ante las autoridades municipales.<\/p>\n<p>El cartel rezaba:<strong>\u00a0\u00abQueremos respuestas de la intendenta, por qu\u00e9 no muestran los n\u00fameros, qu\u00e9 hacen con los fondos p\u00fablicos\u00bb.<\/strong><\/p>\n<p>Poma explic\u00f3 \u00abme pareci\u00f3 una forma v\u00e1lida de hacer mi reclamo y la idea era que se viera\u00bb.<\/p>\n<p>\u00abEl cartel reclamaba lo mismo que venimos pidiendo por todos los medios posibles, queremos que muestren lo n\u00fameros, queremos saber qu\u00e9 hacen con los fondos p\u00fablicos\u00bb, destac\u00f3 el vecino a este portal.<\/p>\n<p>Poma es opositor al actual gobierno justicialista de Patricia Lavin, fue parte de la lista de concejales de la UCR que compiti\u00f3 en las elecciones del a\u00f1o pasado y este 9 de julio decidi\u00f3 hacer visible su reclamo en un acto p\u00fablico.<\/p>\n<p>fuente: Zonal Noticias<\/p>\n<div class=\"oasis-despues-del-contenido\" id=\"oasis-3724988031\"><img loading=\"lazy\" decoding=\"async\" src=\"https:\/\/oasisfm935.com.ar\/site\/wp-content\/uploads\/2020\/08\/47806202-8741-49f2-a5c9-d2f930e5baa1.jpg\" alt=\"\"  srcset=\"https:\/\/oasisfm935.com.ar\/site\/wp-content\/uploads\/2020\/08\/47806202-8741-49f2-a5c9-d2f930e5baa1.jpg 1080w, https:\/\/oasisfm935.com.ar\/site\/wp-content\/uploads\/2020\/08\/47806202-8741-49f2-a5c9-d2f930e5baa1-300x300.jpg 300w, https:\/\/oasisfm935.com.ar\/site\/wp-content\/uploads\/2020\/08\/47806202-8741-49f2-a5c9-d2f930e5baa1-1024x1024.jpg 1024w, https:\/\/oasisfm935.com.ar\/site\/wp-content\/uploads\/2020\/08\/47806202-8741-49f2-a5c9-d2f930e5baa1-150x150.jpg 150w, https:\/\/oasisfm935.com.ar\/site\/wp-content\/uploads\/2020\/08\/47806202-8741-49f2-a5c9-d2f930e5baa1-768x768.jpg 768w\" sizes=\"(max-width: 1080px) 100vw, 1080px\" class=\"no-lazyload\" width=\"1080\" height=\"1080\"  style=\"display: inline-block;\" \/><\/div>","protected":false},"excerpt":{"rendered":"<p>Jorge Alberto Poma es un vecino de Ingeniero Luiggi que se acerc\u00f3 a uno de los actos realizados por el municipio en<\/p>\n","protected":false},"author":4,"featured_media":5474,"comment_status":"closed","ping_status":"open","sticky":false,"template":"","format":"standard","meta":{"colormag_page_layout":"default_layout","footnotes":""},"categories":[2],"tags":[],"class_list":["post-5473","post","type-post","status-publish","format-standard","has-post-thumbnail","hentry","category-noticias"],"_links":{"self":[{"href":"https:\/\/oasisfm935.com.ar\/site\/wp-json\/wp\/v2\/posts\/5473","targetHints":{"allow":["GET"]}}],"collection":[{"href":"https:\/\/oasisfm935.com.ar\/site\/wp-json\/wp\/v2\/posts"}],"about":[{"href":"https:\/\/oasisfm935.com.ar\/site\/wp-json\/wp\/v2\/types\/post"}],"author":[{"embeddable":true,"href":"https:\/\/oasisfm935.com.ar\/site\/wp-json\/wp\/v2\/users\/4"}],"replies":[{"embeddable":true,"href":"https:\/\/oasisfm935.com.ar\/site\/wp-json\/wp\/v2\/comments?post=5473"}],"version-history":[{"count":1,"href":"https:\/\/oasisfm935.com.ar\/site\/wp-json\/wp\/v2\/posts\/5473\/revisions"}],"predecessor-version":[{"id":5475,"href":"https:\/\/oasisfm935.com.ar\/site\/wp-json\/wp\/v2\/posts\/5473\/revisions\/5475"}],"wp:featuredmedia":[{"embeddable":true,"href":"https:\/\/oasisfm935.com.ar\/site\/wp-json\/wp\/v2\/media\/5474"}],"wp:attachment":[{"href":"https:\/\/oasisfm935.com.ar\/site\/wp-json\/wp\/v2\/media?parent=5473"}],"wp:term":[{"taxonomy":"category","embeddable":true,"href":"https:\/\/oasisfm935.com.ar\/site\/wp-json\/wp\/v2\/categories?post=5473"},{"taxonomy":"post_tag","embeddable":true,"href":"https:\/\/oasisfm935.com.ar\/site\/wp-json\/wp\/v2\/tags?post=5473"}],"curies":[{"name":"wp","href":"https:\/\/api.w.org\/{rel}","templated":true}]}}