{"id":5476,"date":"2020-07-10T09:28:08","date_gmt":"2020-07-10T12:28:08","guid":{"rendered":"http:\/\/oasisfm935.com\/site\/?p=5476"},"modified":"2020-07-10T09:47:24","modified_gmt":"2020-07-10T12:47:24","slug":"ingeniero-luiggi-acto-en-conmemoracion-al-dia-de-la-independencia","status":"publish","type":"post","link":"https:\/\/oasisfm935.com.ar\/site\/ingeniero-luiggi-acto-en-conmemoracion-al-dia-de-la-independencia\/","title":{"rendered":"Ingeniero Luiggi: Acto en conmemoraci\u00f3n al d\u00eda de la Independencia."},"content":{"rendered":"<p><strong>Tal como se hab\u00eda anunciado, se realiz\u00f3 el acto en conmemoraci\u00f3n al D\u00eda de la Independencia de nuestra patria.<\/strong><\/p>\n<p>se realizaron actos en la Plazoleta del Museo (vieja estaci\u00f3n de trenes), en plaza Belgrano y en la placita del Barrio Fonavi VI.<\/p>\n<p>Estuvieron presentes la intendenta Patricia Lavin, la jueza de paz, la jueza de faltas, concejales de ambos bloques, funcionarios locales, representantes de la polic\u00eda y bomberos voluntarios.<\/p>\n<p><img decoding=\"async\" src=\"https:\/\/scontent.frsa4-1.fna.fbcdn.net\/v\/t1.0-9\/107754478_3180486188701525_628823598640366048_o.jpg?_nc_cat=111&amp;_nc_sid=8024bb&amp;_nc_eui2=AeEH9vo6vBmF-GfPMtqXgcYKvyHUBMNpsOq_IdQEw2mw6hcy7BCHKq3zZGpA3_RLK5MrV_BvrsZCPIp50fgIUw8w&amp;_nc_oc=AQnaWIhJ-VQ677AMcQJX-VyO2MM86wlkqND4ZzCD26WtlHMv4HNiVNQ7jnYy9n_l_IQ&amp;_nc_ht=scontent.frsa4-1.fna&amp;oh=ba707ceb8eb0378fb7df6c502e73e932&amp;oe=5F2C9596\" alt=\"La imagen puede contener: una o varias personas, \u00e1rbol, cielo, calzado, cancha de b\u00e1squet y exterior\" \/><\/p>\n<p><img decoding=\"async\" src=\"https:\/\/scontent.frsa4-1.fna.fbcdn.net\/v\/t1.0-9\/p720x720\/107801384_3180487042034773_4538522204634809255_o.jpg?_nc_cat=106&amp;_nc_sid=8024bb&amp;_nc_eui2=AeHjZFAsFV-9v8z37wtLDflEJjs0bwM8PeQmOzRvAzw95I7Hvo8sjQcgkd66Ef4IS21SnsVX8Me2mR_ZaGFLaBM2&amp;_nc_oc=AQnq91jwoSgGqjV1rpRqSXJ28w8tpWfZ5QCLWInOvV_Pk4X60XE1kC58vpoQsx7LKPU&amp;_nc_ht=scontent.frsa4-1.fna&amp;_nc_tp=6&amp;oh=e1f5e721eff793779a2d4329d7022633&amp;oe=5F2F18B2\" alt=\"La imagen puede contener: cielo, \u00e1rbol, bicicleta y exterior\" \/><\/p>\n<p>Hoy, conmemoramos un nuevo Aniversario de nuestra Independencia con izamiento de la bandera Argentina en la Plaza Gral. Manuel Belgrano, en la Avenida \u00bb 9 de Julio \u00ab, Play\u00f3n del Museo Municipal y en la plaza del Barrio Fonavi VI.<\/p>\n<p><img decoding=\"async\" src=\"https:\/\/scontent.frsa4-1.fna.fbcdn.net\/v\/t1.0-9\/106901644_3180486002034877_5875322034235401048_o.jpg?_nc_cat=100&amp;_nc_sid=8024bb&amp;_nc_eui2=AeFCESq3CqW5Y7TfK1tcKW7TmaHH1Hsk5nOZocfUeyTmc1VfpnrjXBWnEMB3vTPfNAQ0hPoQoIs1HXmRlond6ULs&amp;_nc_oc=AQkTUCV4x51CFmVHRKqduvxfV_J7tkbl_oJJH-tneC9Vg4GEgatysutccQurYvk-cPo&amp;_nc_ht=scontent.frsa4-1.fna&amp;oh=bed64b52322fc41e958620c564829ee0&amp;oe=5F2DB936\" alt=\"La imagen puede contener: cielo, \u00e1rbol, nube y exterior\" \/><\/p>\n<p>Los argentinos, somos los herederos de aquellos quienes proclamaron la independencia de nuestro pa\u00eds. Por esa raz\u00f3n, debemos continuar defendiendo nuestro der<span class=\"text_exposed_show\">echo a la libertad.<\/span><\/p>\n<div class=\"oasis-despues-del-contenido\" id=\"oasis-259231359\"><img loading=\"lazy\" decoding=\"async\" src=\"https:\/\/oasisfm935.com.ar\/site\/wp-content\/uploads\/2020\/08\/47806202-8741-49f2-a5c9-d2f930e5baa1.jpg\" alt=\"\"  srcset=\"https:\/\/oasisfm935.com.ar\/site\/wp-content\/uploads\/2020\/08\/47806202-8741-49f2-a5c9-d2f930e5baa1.jpg 1080w, https:\/\/oasisfm935.com.ar\/site\/wp-content\/uploads\/2020\/08\/47806202-8741-49f2-a5c9-d2f930e5baa1-300x300.jpg 300w, https:\/\/oasisfm935.com.ar\/site\/wp-content\/uploads\/2020\/08\/47806202-8741-49f2-a5c9-d2f930e5baa1-1024x1024.jpg 1024w, https:\/\/oasisfm935.com.ar\/site\/wp-content\/uploads\/2020\/08\/47806202-8741-49f2-a5c9-d2f930e5baa1-150x150.jpg 150w, https:\/\/oasisfm935.com.ar\/site\/wp-content\/uploads\/2020\/08\/47806202-8741-49f2-a5c9-d2f930e5baa1-768x768.jpg 768w\" sizes=\"(max-width: 1080px) 100vw, 1080px\" class=\"no-lazyload\" width=\"1080\" height=\"1080\"  style=\"display: inline-block;\" \/><\/div>","protected":false},"excerpt":{"rendered":"<p>Tal como se hab\u00eda anunciado, se realiz\u00f3 el acto en conmemoraci\u00f3n al D\u00eda de la Independencia de nuestra patria. se realizaron actos<\/p>\n","protected":false},"author":4,"featured_media":5479,"comment_status":"closed","ping_status":"open","sticky":false,"template":"","format":"standard","meta":{"colormag_page_layout":"default_layout","footnotes":""},"categories":[2],"tags":[],"class_list":["post-5476","post","type-post","status-publish","format-standard","has-post-thumbnail","hentry","category-noticias"],"_links":{"self":[{"href":"https:\/\/oasisfm935.com.ar\/site\/wp-json\/wp\/v2\/posts\/5476","targetHints":{"allow":["GET"]}}],"collection":[{"href":"https:\/\/oasisfm935.com.ar\/site\/wp-json\/wp\/v2\/posts"}],"about":[{"href":"https:\/\/oasisfm935.com.ar\/site\/wp-json\/wp\/v2\/types\/post"}],"author":[{"embeddable":true,"href":"https:\/\/oasisfm935.com.ar\/site\/wp-json\/wp\/v2\/users\/4"}],"replies":[{"embeddable":true,"href":"https:\/\/oasisfm935.com.ar\/site\/wp-json\/wp\/v2\/comments?post=5476"}],"version-history":[{"count":3,"href":"https:\/\/oasisfm935.com.ar\/site\/wp-json\/wp\/v2\/posts\/5476\/revisions"}],"predecessor-version":[{"id":5481,"href":"https:\/\/oasisfm935.com.ar\/site\/wp-json\/wp\/v2\/posts\/5476\/revisions\/5481"}],"wp:featuredmedia":[{"embeddable":true,"href":"https:\/\/oasisfm935.com.ar\/site\/wp-json\/wp\/v2\/media\/5479"}],"wp:attachment":[{"href":"https:\/\/oasisfm935.com.ar\/site\/wp-json\/wp\/v2\/media?parent=5476"}],"wp:term":[{"taxonomy":"category","embeddable":true,"href":"https:\/\/oasisfm935.com.ar\/site\/wp-json\/wp\/v2\/categories?post=5476"},{"taxonomy":"post_tag","embeddable":true,"href":"https:\/\/oasisfm935.com.ar\/site\/wp-json\/wp\/v2\/tags?post=5476"}],"curies":[{"name":"wp","href":"https:\/\/api.w.org\/{rel}","templated":true}]}}