{"id":5484,"date":"2020-07-11T09:59:55","date_gmt":"2020-07-11T12:59:55","guid":{"rendered":"http:\/\/oasisfm935.com\/site\/?p=5484"},"modified":"2020-07-11T09:59:55","modified_gmt":"2020-07-11T12:59:55","slug":"el-ife-logro-que-3-millones-de-personas-no-caigan-en-la-pobreza-aseguro-raverta","status":"publish","type":"post","link":"https:\/\/oasisfm935.com.ar\/site\/el-ife-logro-que-3-millones-de-personas-no-caigan-en-la-pobreza-aseguro-raverta\/","title":{"rendered":"El IFE logr\u00f3 que 3 millones de personas \u00abno caigan en la pobreza\u00bb, asegur\u00f3 Raverta"},"content":{"rendered":"<p>La directora Ejecutiva de la Anses,<strong>\u00a0Fernanda Raverta<\/strong>, destac\u00f3 hoy el impacto social y econ\u00f3mico que tuvo el Ingreso Familiar de Emergencia (IFE) desde su implementaci\u00f3n, que\u00a0<strong>permiti\u00f3 que 3 millones de personas no cayeran en la pobreza<\/strong>\u00a0en medio de la crisis sanitaria.<\/p>\n<p>\u201cLa decisi\u00f3n del presidente Alberto Fern\u00e1ndez de implementar el IFE para ayudar a las familias argentinas en el marco de la pandemia de coronavirus alcanz\u00f3 un universo de casi 9 millones de personas y logr\u00f3 que alrededor de 3 millones no caigan en la pobreza\u201d, afirm\u00f3 la funcionaria.<\/p>\n<div class=\"g g-2\">\n<div class=\"g-single a-8\">El jefe de Estado confirm\u00f3 ayer que el IFE tendr\u00e1 en agosto un tercer pago de alcance nacional de 10.000 pesos. \u00abEl presidente -dijo- firmar\u00e1 un nuevo decreto que instrumentar\u00e1 esta pol\u00edtica de ingresos para las familias argentinas que la est\u00e1n pasando mal en t\u00e9rminos econ\u00f3micos\u00bb, para otorgar el beneficio por tercera oportunidad.<\/div>\n<\/div>\n<p>\u00abEs la manera de mostrar que no solo el presidente Fern\u00e1ndez y el Gobierno cuidan a los argentinos y a las argentinas en materia de salud, sino que tambi\u00e9n los acompa\u00f1an en un momento tan complejo en t\u00e9rminos econ\u00f3micos\u00bb, asegur\u00f3 la titular de la Anses.<\/p>\n<div class=\"google-auto-placed ap_container\"><\/div>\n<p><strong>Este Ingreso Familiar de Emergencia que asiste a casi 9 millones de argentinos tiene una erogaci\u00f3n presupuestaria de 270 mil millones de pesos. \u00abFue una herramienta fundamental para las familias argentinas y para los negocios de proximidad\u201d, dijo<\/strong><\/p>\n<div class=\"g g-1\">\n<div class=\"g-single a-4\"><\/div>\n<\/div>\n<p>Tambi\u00e9n record\u00f3 que est\u00e1 transcurriendo el segundo pago del IFE y que en los pr\u00f3ximos d\u00edas se va a anunciar a los beneficiarios el calendario de pago de este nuevo ingreso familiar.<\/p>\n<p><strong>\u00abEl beneficio va a alcanzar al mismo universo de personas y con la modalidad del dep\u00f3sito en cuentas bancarias<\/strong>\u00a0para evitar posibles estafas y cuidar, a la vez, la salud de todas y todos los argentinos\u201d, dijo.<\/p>\n<p>&nbsp;<\/p>\n<div class=\"oasis-despues-del-contenido\" id=\"oasis-70742471\"><img loading=\"lazy\" decoding=\"async\" src=\"https:\/\/oasisfm935.com.ar\/site\/wp-content\/uploads\/2020\/08\/47806202-8741-49f2-a5c9-d2f930e5baa1.jpg\" alt=\"\"  srcset=\"https:\/\/oasisfm935.com.ar\/site\/wp-content\/uploads\/2020\/08\/47806202-8741-49f2-a5c9-d2f930e5baa1.jpg 1080w, https:\/\/oasisfm935.com.ar\/site\/wp-content\/uploads\/2020\/08\/47806202-8741-49f2-a5c9-d2f930e5baa1-300x300.jpg 300w, https:\/\/oasisfm935.com.ar\/site\/wp-content\/uploads\/2020\/08\/47806202-8741-49f2-a5c9-d2f930e5baa1-1024x1024.jpg 1024w, https:\/\/oasisfm935.com.ar\/site\/wp-content\/uploads\/2020\/08\/47806202-8741-49f2-a5c9-d2f930e5baa1-150x150.jpg 150w, https:\/\/oasisfm935.com.ar\/site\/wp-content\/uploads\/2020\/08\/47806202-8741-49f2-a5c9-d2f930e5baa1-768x768.jpg 768w\" sizes=\"(max-width: 1080px) 100vw, 1080px\" class=\"no-lazyload\" width=\"1080\" height=\"1080\"  style=\"display: inline-block;\" \/><\/div>","protected":false},"excerpt":{"rendered":"<p>La directora Ejecutiva de la Anses,\u00a0Fernanda Raverta, destac\u00f3 hoy el impacto social y econ\u00f3mico que tuvo el Ingreso Familiar de Emergencia (IFE)<\/p>\n","protected":false},"author":4,"featured_media":5485,"comment_status":"closed","ping_status":"open","sticky":false,"template":"","format":"standard","meta":{"colormag_page_layout":"default_layout","footnotes":""},"categories":[2],"tags":[],"class_list":["post-5484","post","type-post","status-publish","format-standard","has-post-thumbnail","hentry","category-noticias"],"_links":{"self":[{"href":"https:\/\/oasisfm935.com.ar\/site\/wp-json\/wp\/v2\/posts\/5484","targetHints":{"allow":["GET"]}}],"collection":[{"href":"https:\/\/oasisfm935.com.ar\/site\/wp-json\/wp\/v2\/posts"}],"about":[{"href":"https:\/\/oasisfm935.com.ar\/site\/wp-json\/wp\/v2\/types\/post"}],"author":[{"embeddable":true,"href":"https:\/\/oasisfm935.com.ar\/site\/wp-json\/wp\/v2\/users\/4"}],"replies":[{"embeddable":true,"href":"https:\/\/oasisfm935.com.ar\/site\/wp-json\/wp\/v2\/comments?post=5484"}],"version-history":[{"count":1,"href":"https:\/\/oasisfm935.com.ar\/site\/wp-json\/wp\/v2\/posts\/5484\/revisions"}],"predecessor-version":[{"id":5486,"href":"https:\/\/oasisfm935.com.ar\/site\/wp-json\/wp\/v2\/posts\/5484\/revisions\/5486"}],"wp:featuredmedia":[{"embeddable":true,"href":"https:\/\/oasisfm935.com.ar\/site\/wp-json\/wp\/v2\/media\/5485"}],"wp:attachment":[{"href":"https:\/\/oasisfm935.com.ar\/site\/wp-json\/wp\/v2\/media?parent=5484"}],"wp:term":[{"taxonomy":"category","embeddable":true,"href":"https:\/\/oasisfm935.com.ar\/site\/wp-json\/wp\/v2\/categories?post=5484"},{"taxonomy":"post_tag","embeddable":true,"href":"https:\/\/oasisfm935.com.ar\/site\/wp-json\/wp\/v2\/tags?post=5484"}],"curies":[{"name":"wp","href":"https:\/\/api.w.org\/{rel}","templated":true}]}}