{"id":5487,"date":"2020-07-11T11:04:43","date_gmt":"2020-07-11T14:04:43","guid":{"rendered":"http:\/\/oasisfm935.com\/site\/?p=5487"},"modified":"2020-07-11T11:04:43","modified_gmt":"2020-07-11T14:04:43","slug":"municipales-luiggenses-se-capacitaron-en-tematicas-de-genero-de-cara-a-la-ley-de-paridad-de-genero","status":"publish","type":"post","link":"https:\/\/oasisfm935.com.ar\/site\/municipales-luiggenses-se-capacitaron-en-tematicas-de-genero-de-cara-a-la-ley-de-paridad-de-genero\/","title":{"rendered":"Municipales luiggenses se capacitaron en tem\u00e1ticas de g\u00e9nero de cara a la \u00abLey de paridad de g\u00e9nero\u00bb"},"content":{"rendered":"<p>Esta semana, un grupo de funcionarios, profesionales y empleados municipales de Ingeniero Luiggi, se capacitaron en G\u00e9nero bajo la propuesta de la Secretar\u00eda de la Mujer de la Provincia.<\/p>\n<p><img decoding=\"async\" src=\"https:\/\/zonalnoticias.com\/wp-content\/uploads\/2020\/07\/juzgado-de-faltas-capacitacion.jpg\" \/><\/p>\n<p>La modalidad fue virtual y la capacitaci\u00f3n fue seguida en diferentes lugares en forma simult\u00e1nea, como en el despacho de la Intendenta Patricia Lav\u00edn, en la secretar\u00eda de Desarrollo Social y Derechos Humanos, en el CDI, en la Residencia Geri\u00e1trica Municipal, en el Auditorio, en el Juzgado de Paz y de Faltas, Secretaria de Ambiente, en la Secretaria de Cultura y Prensa.<\/p>\n<p><img decoding=\"async\" src=\"https:\/\/zonalnoticias.com\/wp-content\/uploads\/2020\/07\/area-desarrollo-social-capacitacion.jpg\" \/><\/p>\n<p>La disertaci\u00f3n estuvo a cargo de: Liliana Robledo, Nancy Fern\u00e1ndez de la Vega, y Silvana Abraham.<\/p>\n<p><img decoding=\"async\" src=\"https:\/\/scontent.frsa4-1.fna.fbcdn.net\/v\/t1.0-9\/p720x720\/106777917_2623220957936794_973440068627463715_o.jpg?_nc_cat=101&amp;_nc_sid=9e2e56&amp;_nc_eui2=AeEvFX5NnV-1lLeZvBkcLNM_2OD6LT2GAgPY4PotPYYCA5mW5zhY88MnJdcf4poizk8&amp;_nc_ohc=EWzgGtiWd20AX_O1Vfc&amp;_nc_ht=scontent.frsa4-1.fna&amp;_nc_tp=6&amp;oh=e0ab7f67bdce675478e05004655fa9a8&amp;oe=5F2D99FB\" alt=\"La imagen puede contener: una o varias personas, pantalla, oficina e interior\" \/><\/p>\n<p>La ley Micaela, obligatoria para los trabajadores del Estado, impulsa un cambio social desde el \u00e1mbito estatal dando mayor relevancia a las pol\u00edticas de igualda<\/p>\n<p><img decoding=\"async\" src=\"https:\/\/zonalnoticias.com\/wp-content\/uploads\/2020\/07\/cdi-capacitacion.jpg\" \/><\/p>\n<p>Zonal Noticias<\/p>\n<div class=\"oasis-despues-del-contenido\" id=\"oasis-241973677\"><img loading=\"lazy\" decoding=\"async\" src=\"https:\/\/oasisfm935.com.ar\/site\/wp-content\/uploads\/2020\/08\/47806202-8741-49f2-a5c9-d2f930e5baa1.jpg\" alt=\"\"  srcset=\"https:\/\/oasisfm935.com.ar\/site\/wp-content\/uploads\/2020\/08\/47806202-8741-49f2-a5c9-d2f930e5baa1.jpg 1080w, https:\/\/oasisfm935.com.ar\/site\/wp-content\/uploads\/2020\/08\/47806202-8741-49f2-a5c9-d2f930e5baa1-300x300.jpg 300w, https:\/\/oasisfm935.com.ar\/site\/wp-content\/uploads\/2020\/08\/47806202-8741-49f2-a5c9-d2f930e5baa1-1024x1024.jpg 1024w, https:\/\/oasisfm935.com.ar\/site\/wp-content\/uploads\/2020\/08\/47806202-8741-49f2-a5c9-d2f930e5baa1-150x150.jpg 150w, https:\/\/oasisfm935.com.ar\/site\/wp-content\/uploads\/2020\/08\/47806202-8741-49f2-a5c9-d2f930e5baa1-768x768.jpg 768w\" sizes=\"(max-width: 1080px) 100vw, 1080px\" class=\"no-lazyload\" width=\"1080\" height=\"1080\"  style=\"display: inline-block;\" \/><\/div>","protected":false},"excerpt":{"rendered":"<p>Esta semana, un grupo de funcionarios, profesionales y empleados municipales de Ingeniero Luiggi, se capacitaron en G\u00e9nero bajo la propuesta de la<\/p>\n","protected":false},"author":4,"featured_media":5488,"comment_status":"closed","ping_status":"open","sticky":false,"template":"","format":"standard","meta":{"colormag_page_layout":"default_layout","footnotes":""},"categories":[2],"tags":[],"class_list":["post-5487","post","type-post","status-publish","format-standard","has-post-thumbnail","hentry","category-noticias"],"_links":{"self":[{"href":"https:\/\/oasisfm935.com.ar\/site\/wp-json\/wp\/v2\/posts\/5487","targetHints":{"allow":["GET"]}}],"collection":[{"href":"https:\/\/oasisfm935.com.ar\/site\/wp-json\/wp\/v2\/posts"}],"about":[{"href":"https:\/\/oasisfm935.com.ar\/site\/wp-json\/wp\/v2\/types\/post"}],"author":[{"embeddable":true,"href":"https:\/\/oasisfm935.com.ar\/site\/wp-json\/wp\/v2\/users\/4"}],"replies":[{"embeddable":true,"href":"https:\/\/oasisfm935.com.ar\/site\/wp-json\/wp\/v2\/comments?post=5487"}],"version-history":[{"count":1,"href":"https:\/\/oasisfm935.com.ar\/site\/wp-json\/wp\/v2\/posts\/5487\/revisions"}],"predecessor-version":[{"id":5489,"href":"https:\/\/oasisfm935.com.ar\/site\/wp-json\/wp\/v2\/posts\/5487\/revisions\/5489"}],"wp:featuredmedia":[{"embeddable":true,"href":"https:\/\/oasisfm935.com.ar\/site\/wp-json\/wp\/v2\/media\/5488"}],"wp:attachment":[{"href":"https:\/\/oasisfm935.com.ar\/site\/wp-json\/wp\/v2\/media?parent=5487"}],"wp:term":[{"taxonomy":"category","embeddable":true,"href":"https:\/\/oasisfm935.com.ar\/site\/wp-json\/wp\/v2\/categories?post=5487"},{"taxonomy":"post_tag","embeddable":true,"href":"https:\/\/oasisfm935.com.ar\/site\/wp-json\/wp\/v2\/tags?post=5487"}],"curies":[{"name":"wp","href":"https:\/\/api.w.org\/{rel}","templated":true}]}}