{"id":5498,"date":"2020-07-11T20:50:24","date_gmt":"2020-07-11T23:50:24","guid":{"rendered":"http:\/\/oasisfm935.com\/site\/?p=5498"},"modified":"2020-07-11T20:50:24","modified_gmt":"2020-07-11T23:50:24","slug":"ziliotto-por-el-bono-del-ife-llegan-otros-580-millones-para-los-pampeanos","status":"publish","type":"post","link":"https:\/\/oasisfm935.com.ar\/site\/ziliotto-por-el-bono-del-ife-llegan-otros-580-millones-para-los-pampeanos\/","title":{"rendered":"Ziliotto: por el bono del IFE llegan otros $580 millones para los pampeanos"},"content":{"rendered":"<p class=\"lead nota-detalle-bajada\">El gobernador pampeano sostuvo que la\u00a0 pr\u00f3rroga del Ingreso Familiar de Emergencia (IFE) anunciada por el presidente Alberto Fern\u00e1ndez, es \u201cuna clara inversi\u00f3n del\u00a0 Estado, aunque algunos la quieran vender como un gasto innecesario\u201d. Asegur\u00f3 que \u201cgenerar\u00e1 mayor consumo, m\u00e1s mercado para nuestras empresas y contribuir\u00e1 a reactivar la econom\u00eda\u201d.<\/p>\n<div class=\"nota-detalle-cuerpo\">Sergio Ziliotto evalu\u00f3 positivamente la consecuci\u00f3n del Ingreso Familiar de Emergencia dispuesto por el presidente y que abarca a todas las provincias del pa\u00eds.<br \/>\nEl mandatario pampeano expres\u00f3 su satisfacci\u00f3n porque \u201cmuchos pampeanos cobraran nuevamente la IFE\u201d, al tiempo que precis\u00f3 que ser\u00e1n \u201c580 millones que ir\u00e1n directamente al bolsillo de la gente\u201d.<\/div>\n<div class=\"nota-detalle-cuerpo\">\nEn este sentido asegur\u00f3 que los recursos que se inyectar\u00e1n a la econom\u00eda de todo el pa\u00eds \u201cgenerar\u00e1n mayor consumo, m\u00e1s mercado para nuestras empresas, transform\u00e1ndose en\u00a0 dos herramientas claves para reactivar la econom\u00eda\u201d.<\/div>\n<div class=\"nota-detalle-cuerpo\">\nEl bono del IFE ser\u00e1 de 10.000 pesos, lo entregar\u00e1 el Anses y lo recibir\u00e1n quienes ya lo percibieron la primera y segunda vez. Los recursos saldr\u00e1n del aporte del tesoro nacional, seg\u00fan explicaron desde el Gobierno.<\/div>\n<div class=\"nota-detalle-cuerpo\">\n\u201cClaramente se trata de una inversi\u00f3n del Estado, aunque algunos lo quieran vender como un gasto innecesario\u201d subray\u00f3 el gobernador de La Pampa, quien adem\u00e1s incluy\u00f3 esta acci\u00f3n del gobierno nacional \u201cen la construcci\u00f3n de un pa\u00eds federal, donde se llega a todos los argentinos, vivan donde vivan y sin que el color partidario que tengan las provincias sea motivo de discrecionalidad\u201d.<\/div>\n<div class=\"nota-detalle-cuerpo\">\nAl momento de anunciar la pr\u00f3rroga del IFE a trav\u00e9s de videoconferencia a los mandatarios provinciales, el presidente Alberto Fern\u00e1ndez advirti\u00f3 que \u201ces una herramienta de emergencia que no vamos a poder dar siempre\u00bb, y convoc\u00f3 a los gobernadores \u201ca organizar el horizonte del pa\u00eds para potenciar las econom\u00edas regionales y as\u00ed poner en marcha la econom\u00eda argentina\u201d.\n<\/div>\n<div class=\"oasis-despues-del-contenido\" id=\"oasis-905038394\"><img loading=\"lazy\" decoding=\"async\" src=\"https:\/\/oasisfm935.com.ar\/site\/wp-content\/uploads\/2020\/08\/47806202-8741-49f2-a5c9-d2f930e5baa1.jpg\" alt=\"\"  srcset=\"https:\/\/oasisfm935.com.ar\/site\/wp-content\/uploads\/2020\/08\/47806202-8741-49f2-a5c9-d2f930e5baa1.jpg 1080w, https:\/\/oasisfm935.com.ar\/site\/wp-content\/uploads\/2020\/08\/47806202-8741-49f2-a5c9-d2f930e5baa1-300x300.jpg 300w, https:\/\/oasisfm935.com.ar\/site\/wp-content\/uploads\/2020\/08\/47806202-8741-49f2-a5c9-d2f930e5baa1-1024x1024.jpg 1024w, https:\/\/oasisfm935.com.ar\/site\/wp-content\/uploads\/2020\/08\/47806202-8741-49f2-a5c9-d2f930e5baa1-150x150.jpg 150w, https:\/\/oasisfm935.com.ar\/site\/wp-content\/uploads\/2020\/08\/47806202-8741-49f2-a5c9-d2f930e5baa1-768x768.jpg 768w\" sizes=\"(max-width: 1080px) 100vw, 1080px\" class=\"no-lazyload\" width=\"1080\" height=\"1080\"  style=\"display: inline-block;\" \/><\/div>","protected":false},"excerpt":{"rendered":"<p>El gobernador pampeano sostuvo que la\u00a0 pr\u00f3rroga del Ingreso Familiar de Emergencia (IFE) anunciada por el presidente Alberto Fern\u00e1ndez, es \u201cuna clara<\/p>\n","protected":false},"author":4,"featured_media":5499,"comment_status":"closed","ping_status":"open","sticky":false,"template":"","format":"standard","meta":{"colormag_page_layout":"default_layout","footnotes":""},"categories":[2],"tags":[],"class_list":["post-5498","post","type-post","status-publish","format-standard","has-post-thumbnail","hentry","category-noticias"],"_links":{"self":[{"href":"https:\/\/oasisfm935.com.ar\/site\/wp-json\/wp\/v2\/posts\/5498","targetHints":{"allow":["GET"]}}],"collection":[{"href":"https:\/\/oasisfm935.com.ar\/site\/wp-json\/wp\/v2\/posts"}],"about":[{"href":"https:\/\/oasisfm935.com.ar\/site\/wp-json\/wp\/v2\/types\/post"}],"author":[{"embeddable":true,"href":"https:\/\/oasisfm935.com.ar\/site\/wp-json\/wp\/v2\/users\/4"}],"replies":[{"embeddable":true,"href":"https:\/\/oasisfm935.com.ar\/site\/wp-json\/wp\/v2\/comments?post=5498"}],"version-history":[{"count":1,"href":"https:\/\/oasisfm935.com.ar\/site\/wp-json\/wp\/v2\/posts\/5498\/revisions"}],"predecessor-version":[{"id":5500,"href":"https:\/\/oasisfm935.com.ar\/site\/wp-json\/wp\/v2\/posts\/5498\/revisions\/5500"}],"wp:featuredmedia":[{"embeddable":true,"href":"https:\/\/oasisfm935.com.ar\/site\/wp-json\/wp\/v2\/media\/5499"}],"wp:attachment":[{"href":"https:\/\/oasisfm935.com.ar\/site\/wp-json\/wp\/v2\/media?parent=5498"}],"wp:term":[{"taxonomy":"category","embeddable":true,"href":"https:\/\/oasisfm935.com.ar\/site\/wp-json\/wp\/v2\/categories?post=5498"},{"taxonomy":"post_tag","embeddable":true,"href":"https:\/\/oasisfm935.com.ar\/site\/wp-json\/wp\/v2\/tags?post=5498"}],"curies":[{"name":"wp","href":"https:\/\/api.w.org\/{rel}","templated":true}]}}