{"id":5516,"date":"2020-07-14T08:56:13","date_gmt":"2020-07-14T11:56:13","guid":{"rendered":"http:\/\/oasisfm935.com\/site\/?p=5516"},"modified":"2020-07-14T08:57:17","modified_gmt":"2020-07-14T11:57:17","slug":"75-c-hoy-el-dia-mas-frio-del-ano-hasta-ahora","status":"publish","type":"post","link":"https:\/\/oasisfm935.com.ar\/site\/75-c-hoy-el-dia-mas-frio-del-ano-hasta-ahora\/","title":{"rendered":"7,5 \u00b0C: Hoy el d\u00eda m\u00e1s fr\u00edo del a\u00f1o hasta ahora"},"content":{"rendered":"<p><strong>Realic\u00f3 registr\u00f3 la temperatura m\u00e1s baja de la zona con 7,5 grados bajo cero. En tanto, Parera, Rancul y Pichi Huinca tuvieron una m\u00ednima de -7 \u00b0C en promedio.\u00a0<\/strong><\/p>\n<p>Seg\u00fan las estaciones meteorol\u00f3gicas del Ministerio de la Producci\u00f3n, que tiene instalada en la zona rural del norte de La Pampa, se registraron temperaturas de -7 \u00b0C.<\/p>\n<div class=\"google-auto-placed ap_container\">\n<p>Aunque\u00a0<strong>hubo sensaciones t\u00e9rmicas muy bajas<\/strong>\u00a0que llegaron hasta los<strong>\u00a0-8 grados<\/strong>\u00a0debido a que la humedad supera el 80%.<\/p>\n<p>Las temperaturas m\u00e1s bajas\u00a0 fueron\u00a0<strong>en Realic\u00f3 con una m\u00ednima de -7,5, en Rancul -7,2.<\/strong><\/p>\n<p><img decoding=\"async\" src=\"https:\/\/zonalnoticias.com\/wp-content\/uploads\/2020\/07\/helada-realica-estacion-meteorologica-1024x252.jpg\" \/><\/p>\n<p><strong>Mientras que en Parera, Hilario Lagos y Pichi Huinca,\u00a0<\/strong>las estaciones meteorol\u00f3gicas<strong>\u00a0registraron -6,7\u00b0C\u00a0<\/strong>entre las 6 y la hora 8 de este martes.<\/p>\n<p><img decoding=\"async\" src=\"https:\/\/zonalnoticias.com\/wp-content\/uploads\/2020\/07\/helada-parera-estacion-meteorologica-1024x356.jpg\" \/><\/p>\n<p>En la zona rural de<strong>\u00a0Ingeniero Luiggi\u00a0<\/strong>la m\u00ednima fue de -6,4 \u00b0C,<\/p>\n<p>En la zona de\u00a0<strong>Embajador Martini \u00a0y Alta Italia<\/strong>\u00a0la m\u00ednima fue de -6,1\u00b0C.<\/p>\n<p><img decoding=\"async\" src=\"https:\/\/zonalnoticias.com\/wp-content\/uploads\/2020\/07\/helada-en-luiggi-2-julio-752x440.jpg\" \/><\/p>\n<p>En tanto, en\u00a0<strong>Arata\u00a0<\/strong>la m\u00ednima marc\u00f3 -4,4 grados y en\u00a0<strong>Eduardo Castex\u00a0<\/strong>fue de -5,6\u00b0C.<\/p>\n<p>Seg\u00fan el pron\u00f3stico del SMN, las m\u00e1ximas de esta semana. en promedio, no superar\u00e1n los 6 grados.<\/p>\n<p>fuente: zonal noticias<\/p>\n<\/div>\n<div class=\"oasis-despues-del-contenido\" id=\"oasis-490522051\"><img loading=\"lazy\" decoding=\"async\" src=\"https:\/\/oasisfm935.com.ar\/site\/wp-content\/uploads\/2020\/08\/47806202-8741-49f2-a5c9-d2f930e5baa1.jpg\" alt=\"\"  srcset=\"https:\/\/oasisfm935.com.ar\/site\/wp-content\/uploads\/2020\/08\/47806202-8741-49f2-a5c9-d2f930e5baa1.jpg 1080w, https:\/\/oasisfm935.com.ar\/site\/wp-content\/uploads\/2020\/08\/47806202-8741-49f2-a5c9-d2f930e5baa1-300x300.jpg 300w, https:\/\/oasisfm935.com.ar\/site\/wp-content\/uploads\/2020\/08\/47806202-8741-49f2-a5c9-d2f930e5baa1-1024x1024.jpg 1024w, https:\/\/oasisfm935.com.ar\/site\/wp-content\/uploads\/2020\/08\/47806202-8741-49f2-a5c9-d2f930e5baa1-150x150.jpg 150w, https:\/\/oasisfm935.com.ar\/site\/wp-content\/uploads\/2020\/08\/47806202-8741-49f2-a5c9-d2f930e5baa1-768x768.jpg 768w\" sizes=\"(max-width: 1080px) 100vw, 1080px\" class=\"no-lazyload\" width=\"1080\" height=\"1080\"  style=\"display: inline-block;\" \/><\/div>","protected":false},"excerpt":{"rendered":"<p>Realic\u00f3 registr\u00f3 la temperatura m\u00e1s baja de la zona con 7,5 grados bajo cero. En tanto, Parera, Rancul y Pichi Huinca tuvieron<\/p>\n","protected":false},"author":4,"featured_media":5517,"comment_status":"closed","ping_status":"open","sticky":false,"template":"","format":"standard","meta":{"colormag_page_layout":"default_layout","footnotes":""},"categories":[2],"tags":[],"class_list":["post-5516","post","type-post","status-publish","format-standard","has-post-thumbnail","hentry","category-noticias"],"_links":{"self":[{"href":"https:\/\/oasisfm935.com.ar\/site\/wp-json\/wp\/v2\/posts\/5516","targetHints":{"allow":["GET"]}}],"collection":[{"href":"https:\/\/oasisfm935.com.ar\/site\/wp-json\/wp\/v2\/posts"}],"about":[{"href":"https:\/\/oasisfm935.com.ar\/site\/wp-json\/wp\/v2\/types\/post"}],"author":[{"embeddable":true,"href":"https:\/\/oasisfm935.com.ar\/site\/wp-json\/wp\/v2\/users\/4"}],"replies":[{"embeddable":true,"href":"https:\/\/oasisfm935.com.ar\/site\/wp-json\/wp\/v2\/comments?post=5516"}],"version-history":[{"count":2,"href":"https:\/\/oasisfm935.com.ar\/site\/wp-json\/wp\/v2\/posts\/5516\/revisions"}],"predecessor-version":[{"id":5519,"href":"https:\/\/oasisfm935.com.ar\/site\/wp-json\/wp\/v2\/posts\/5516\/revisions\/5519"}],"wp:featuredmedia":[{"embeddable":true,"href":"https:\/\/oasisfm935.com.ar\/site\/wp-json\/wp\/v2\/media\/5517"}],"wp:attachment":[{"href":"https:\/\/oasisfm935.com.ar\/site\/wp-json\/wp\/v2\/media?parent=5516"}],"wp:term":[{"taxonomy":"category","embeddable":true,"href":"https:\/\/oasisfm935.com.ar\/site\/wp-json\/wp\/v2\/categories?post=5516"},{"taxonomy":"post_tag","embeddable":true,"href":"https:\/\/oasisfm935.com.ar\/site\/wp-json\/wp\/v2\/tags?post=5516"}],"curies":[{"name":"wp","href":"https:\/\/api.w.org\/{rel}","templated":true}]}}